{"id":24123,"date":"2019-11-15T13:54:47","date_gmt":"2019-11-15T13:54:47","guid":{"rendered":"https:\/\/sertv.gob.pa\/crisolfm\/?p=24123"},"modified":"2019-11-15T13:54:47","modified_gmt":"2019-11-15T13:54:47","slug":"museo-de-filadelfia-acoge-a-mayas-y-aztecas-con-la-inauguracion-de-nueva-sala","status":"publish","type":"post","link":"https:\/\/sertv.gob.pa\/crisolfm\/museo-de-filadelfia-acoge-a-mayas-y-aztecas-con-la-inauguracion-de-nueva-sala\/","title":{"rendered":"Museo de Filadelfia acoge a mayas y aztecas con la inauguraci\u00f3n de nueva sala"},"content":{"rendered":"<p>En un momento en que el presidente de Estados Unidos, Donald Trump, busca frenar la inmigraci\u00f3n de M\u00e9xico y Centroam\u00e9rica, mayas, aztecas y otros de sus antepasados han cruzado la frontera para desembarcar en una nueva sala del Museo de la Universidad de Pensilvania (Penn), en Filadelfia.<\/p>\n<p>La nueva galer\u00eda dedicada a los pueblos que ocuparon lo que hoy es M\u00e9xico, Honduras, El Salvador, Belice y Guatemala acoger\u00e1 a partir del pr\u00f3ximo s\u00e1bado m\u00e1s de 250 artefactos de algunas de las sociedades que habitaron Mesoam\u00e9rica a lo largo de m\u00e1s de 3.000 a\u00f1os de historia, m\u00e1s de la mitad de los cuales nunca hab\u00edan sido expuestos al p\u00fablico.<\/p>\n<p>Esta nueva exposici\u00f3n permanente busca analizar la relaci\u00f3n que guardaba la pol\u00edtica y las figuras autoritarias de estos pueblos con la divinidad, las fuerzas de la naturaleza y los astros.<\/p>\n<p>Entre estas obras de orfebrer\u00eda, moda o escultura de los pueblos azteca, maya, zapoteca y olmeca, entre otros, destaca la escultura de roca desnuda de la Gran Diosa de Teotihuac\u00e1n, deidad de la fertilidad y la vegetaci\u00f3n del pueblo Teotihuac\u00e1n y precursora de la diosa azteca Xochiquetzal.<\/p>\n<p>EFE<\/p>\n","protected":false},"excerpt":{"rendered":"<p>En un momento en que el presidente de Estados Unidos, <a href=\"https:\/\/sertv.gob.pa\/crisolfm\/museo-de-filadelfia-acoge-a-mayas-y-aztecas-con-la-inauguracion-de-nueva-sala\/\"> [&#8230;]<\/a><\/p>\n","protected":false},"author":64,"featured_media":24124,"comment_status":"closed","ping_status":"closed","sticky":false,"template":"","format":"standard","meta":{"footnotes":""},"categories":[6],"tags":[],"class_list":["post-24123","post","type-post","status-publish","format-standard","has-post-thumbnail","hentry","category-culturales"],"_links":{"self":[{"href":"https:\/\/sertv.gob.pa\/crisolfm\/wp-json\/wp\/v2\/posts\/24123","targetHints":{"allow":["GET"]}}],"collection":[{"href":"https:\/\/sertv.gob.pa\/crisolfm\/wp-json\/wp\/v2\/posts"}],"about":[{"href":"https:\/\/sertv.gob.pa\/crisolfm\/wp-json\/wp\/v2\/types\/post"}],"author":[{"embeddable":true,"href":"https:\/\/sertv.gob.pa\/crisolfm\/wp-json\/wp\/v2\/users\/64"}],"replies":[{"embeddable":true,"href":"https:\/\/sertv.gob.pa\/crisolfm\/wp-json\/wp\/v2\/comments?post=24123"}],"version-history":[{"count":1,"href":"https:\/\/sertv.gob.pa\/crisolfm\/wp-json\/wp\/v2\/posts\/24123\/revisions"}],"predecessor-version":[{"id":24125,"href":"https:\/\/sertv.gob.pa\/crisolfm\/wp-json\/wp\/v2\/posts\/24123\/revisions\/24125"}],"wp:featuredmedia":[{"embeddable":true,"href":"https:\/\/sertv.gob.pa\/crisolfm\/wp-json\/wp\/v2\/media\/24124"}],"wp:attachment":[{"href":"https:\/\/sertv.gob.pa\/crisolfm\/wp-json\/wp\/v2\/media?parent=24123"}],"wp:term":[{"taxonomy":"category","embeddable":true,"href":"https:\/\/sertv.gob.pa\/crisolfm\/wp-json\/wp\/v2\/categories?post=24123"},{"taxonomy":"post_tag","embeddable":true,"href":"https:\/\/sertv.gob.pa\/crisolfm\/wp-json\/wp\/v2\/tags?post=24123"}],"curies":[{"name":"wp","href":"https:\/\/api.w.org\/{rel}","templated":true}]}}