{"id":24126,"date":"2019-11-15T13:59:19","date_gmt":"2019-11-15T13:59:19","guid":{"rendered":"https:\/\/sertv.gob.pa\/crisolfm\/?p=24126"},"modified":"2019-11-15T13:59:19","modified_gmt":"2019-11-15T13:59:19","slug":"margarit-el-poeta-bilingue-en-castellano-y-catalan-premio-cervantes-2019","status":"publish","type":"post","link":"https:\/\/sertv.gob.pa\/crisolfm\/margarit-el-poeta-bilingue-en-castellano-y-catalan-premio-cervantes-2019\/","title":{"rendered":"Margarit, el poeta biling\u00fce en castellano y catal\u00e1n, Premio Cervantes 2019"},"content":{"rendered":"<p>El poeta catal\u00e1n Joan Margarit fue galardonado este jueves con el Premio Cervantes 2019 por su obra biling\u00fce, tanto en catal\u00e1n como en espa\u00f1ol, su lenguaje innovador y por la pluralidad cultural que representa. Un tema en el que ahond\u00f3 Margarit en una posterior rueda de prensa en Barcelona, donde asegur\u00f3 que prefiere que se identifique este galard\u00f3n \u00abcon el di\u00e1logo entre lenguas, entre Catalu\u00f1a y Espa\u00f1a\u00bb, aunque no quiso expresar su opini\u00f3n sobre la situaci\u00f3n pol\u00edtica actual.<\/p>\n<p>Al ser preguntado, Margarit rechaz\u00f3 opinar -\u00aba mis 81 a\u00f1os\u00bb, precis\u00f3- pero advirti\u00f3: \u00abno es mi inter\u00e9s ni mi capacidad resolver estos temas, aunque no quiere decir que sea indiferente\u00bb. Y asegur\u00f3 que tiene dos lenguas: el catal\u00e1n, la lengua materna, \u00aby gracias al general Franco que me la coloc\u00f3, el castellano, que no pienso devolverle, pues las lenguas no son culpables de nada\u00bb.<\/p>\n<p>Seg\u00fan el fallo del jurado, la obra po\u00e9tica de Margarit (Sana\u00fcja, L\u00e9rida, 1938), \u00abde honda transcendencia y l\u00facido lenguaje siempre innovador, ha enriquecido tanto la lengua espa\u00f1ola como la lengua catalana, y representa la pluralidad de la cultura peninsular en una dimensi\u00f3n universal de gran maestr\u00eda\u00bb.<\/p>\n<p>EFE<\/p>\n","protected":false},"excerpt":{"rendered":"<p>El poeta catal\u00e1n Joan Margarit fue galardonado este jueves con <a href=\"https:\/\/sertv.gob.pa\/crisolfm\/margarit-el-poeta-bilingue-en-castellano-y-catalan-premio-cervantes-2019\/\"> [&#8230;]<\/a><\/p>\n","protected":false},"author":64,"featured_media":24127,"comment_status":"closed","ping_status":"closed","sticky":false,"template":"","format":"standard","meta":{"footnotes":""},"categories":[6],"tags":[],"class_list":["post-24126","post","type-post","status-publish","format-standard","has-post-thumbnail","hentry","category-culturales"],"_links":{"self":[{"href":"https:\/\/sertv.gob.pa\/crisolfm\/wp-json\/wp\/v2\/posts\/24126","targetHints":{"allow":["GET"]}}],"collection":[{"href":"https:\/\/sertv.gob.pa\/crisolfm\/wp-json\/wp\/v2\/posts"}],"about":[{"href":"https:\/\/sertv.gob.pa\/crisolfm\/wp-json\/wp\/v2\/types\/post"}],"author":[{"embeddable":true,"href":"https:\/\/sertv.gob.pa\/crisolfm\/wp-json\/wp\/v2\/users\/64"}],"replies":[{"embeddable":true,"href":"https:\/\/sertv.gob.pa\/crisolfm\/wp-json\/wp\/v2\/comments?post=24126"}],"version-history":[{"count":1,"href":"https:\/\/sertv.gob.pa\/crisolfm\/wp-json\/wp\/v2\/posts\/24126\/revisions"}],"predecessor-version":[{"id":24128,"href":"https:\/\/sertv.gob.pa\/crisolfm\/wp-json\/wp\/v2\/posts\/24126\/revisions\/24128"}],"wp:featuredmedia":[{"embeddable":true,"href":"https:\/\/sertv.gob.pa\/crisolfm\/wp-json\/wp\/v2\/media\/24127"}],"wp:attachment":[{"href":"https:\/\/sertv.gob.pa\/crisolfm\/wp-json\/wp\/v2\/media?parent=24126"}],"wp:term":[{"taxonomy":"category","embeddable":true,"href":"https:\/\/sertv.gob.pa\/crisolfm\/wp-json\/wp\/v2\/categories?post=24126"},{"taxonomy":"post_tag","embeddable":true,"href":"https:\/\/sertv.gob.pa\/crisolfm\/wp-json\/wp\/v2\/tags?post=24126"}],"curies":[{"name":"wp","href":"https:\/\/api.w.org\/{rel}","templated":true}]}}