{"id":24138,"date":"2019-11-15T14:42:29","date_gmt":"2019-11-15T14:42:29","guid":{"rendered":"https:\/\/sertv.gob.pa\/crisolfm\/?p=24138"},"modified":"2019-11-15T14:42:29","modified_gmt":"2019-11-15T14:42:29","slug":"cierran-la-plaza-de-san-marco-de-venecia-por-una-nueva-inundacion","status":"publish","type":"post","link":"https:\/\/sertv.gob.pa\/crisolfm\/cierran-la-plaza-de-san-marco-de-venecia-por-una-nueva-inundacion\/","title":{"rendered":"Cierran la plaza de San Marco de Venecia por una nueva inundaci\u00f3n"},"content":{"rendered":"<p>El alcalde de Venecia orden\u00f3 el viernes el cierre de la plaza de San Marco debido a una nueva inundaci\u00f3n causada por la marea alta. \u00abMe veo forzado a cerrar la plaza de San Marco para proteger a los ciudadanos de riesgos sanitarios&#8230; Un desastre\u00bb, anunci\u00f3 Luigi Brugnaro.<\/p>\n<p>Se prev\u00e9 que la marea alta alcance un nivel muy peligroso, tres d\u00edas despu\u00e9s de las inundaciones que provocaron graves da\u00f1os materiales a la ciudad y que obligaron al gobierno a declarar el estado de emergencia.<\/p>\n<p>Las previsiones de las autoridades encargadas de vigilar las mareas son que este viernes habr\u00e1 picos importantes de \u00abagua alta\u00bb, as\u00ed como una ola de mal tiempo en toda la regi\u00f3n, con lluvias y vientos fuertes.<\/p>\n<p>La noche del martes, la ciudad, joya de la arquitectura bizantina, registr\u00f3 su peor marea alta en 53 a\u00f1os. El agua inund\u00f3 iglesias, tiendas, museos y hoteles causando inestimables da\u00f1os al patrimonio art\u00edstico e inmobiliario.<\/p>\n<p>AFP<\/p>\n","protected":false},"excerpt":{"rendered":"<p>El alcalde de Venecia orden\u00f3 el viernes el cierre de <a href=\"https:\/\/sertv.gob.pa\/crisolfm\/cierran-la-plaza-de-san-marco-de-venecia-por-una-nueva-inundacion\/\"> [&#8230;]<\/a><\/p>\n","protected":false},"author":64,"featured_media":24141,"comment_status":"closed","ping_status":"closed","sticky":false,"template":"","format":"standard","meta":{"footnotes":""},"categories":[6],"tags":[],"class_list":["post-24138","post","type-post","status-publish","format-standard","has-post-thumbnail","hentry","category-culturales"],"_links":{"self":[{"href":"https:\/\/sertv.gob.pa\/crisolfm\/wp-json\/wp\/v2\/posts\/24138","targetHints":{"allow":["GET"]}}],"collection":[{"href":"https:\/\/sertv.gob.pa\/crisolfm\/wp-json\/wp\/v2\/posts"}],"about":[{"href":"https:\/\/sertv.gob.pa\/crisolfm\/wp-json\/wp\/v2\/types\/post"}],"author":[{"embeddable":true,"href":"https:\/\/sertv.gob.pa\/crisolfm\/wp-json\/wp\/v2\/users\/64"}],"replies":[{"embeddable":true,"href":"https:\/\/sertv.gob.pa\/crisolfm\/wp-json\/wp\/v2\/comments?post=24138"}],"version-history":[{"count":1,"href":"https:\/\/sertv.gob.pa\/crisolfm\/wp-json\/wp\/v2\/posts\/24138\/revisions"}],"predecessor-version":[{"id":24142,"href":"https:\/\/sertv.gob.pa\/crisolfm\/wp-json\/wp\/v2\/posts\/24138\/revisions\/24142"}],"wp:featuredmedia":[{"embeddable":true,"href":"https:\/\/sertv.gob.pa\/crisolfm\/wp-json\/wp\/v2\/media\/24141"}],"wp:attachment":[{"href":"https:\/\/sertv.gob.pa\/crisolfm\/wp-json\/wp\/v2\/media?parent=24138"}],"wp:term":[{"taxonomy":"category","embeddable":true,"href":"https:\/\/sertv.gob.pa\/crisolfm\/wp-json\/wp\/v2\/categories?post=24138"},{"taxonomy":"post_tag","embeddable":true,"href":"https:\/\/sertv.gob.pa\/crisolfm\/wp-json\/wp\/v2\/tags?post=24138"}],"curies":[{"name":"wp","href":"https:\/\/api.w.org\/{rel}","templated":true}]}}