{"id":24157,"date":"2019-11-18T13:41:29","date_gmt":"2019-11-18T13:41:29","guid":{"rendered":"https:\/\/sertv.gob.pa\/crisolfm\/?p=24157"},"modified":"2019-11-18T13:41:29","modified_gmt":"2019-11-18T13:41:29","slug":"la-feria-del-libro-de-miami-abre-de-la-mano-de-dos-mujeres-y-escritoras","status":"publish","type":"post","link":"https:\/\/sertv.gob.pa\/crisolfm\/la-feria-del-libro-de-miami-abre-de-la-mano-de-dos-mujeres-y-escritoras\/","title":{"rendered":"La Feria del Libro de Miami abre de la mano de dos mujeres y escritoras"},"content":{"rendered":"<p>Dos mujeres y escritoras, la estadounidense Samantha Power y la nicarag\u00fcense Gioconda Belli, la primera en ingl\u00e9s y la segunda en espa\u00f1ol, pusieron este domingo a andar la Feria del Libro de Miami, una fiesta cultural multiling\u00fce que cumple 36 a\u00f1os y es reconocida como la m\u00e1s importante de su tipo en Estados Unidos.<\/p>\n<p>Del 17 al 24 de noviembre, el campus Wolfson del Miami Dade College (MDC), la universidad p\u00fablica que organiza la feria, ser\u00e1 un hervidero de actividades en torno a los libros y la lectura.<\/p>\n<p>La Feria 2019, que se distingue por evitar la formalidad y no tener una ceremonia oficial de inauguraci\u00f3n, se inici\u00f3 con los coloquios con Power y Belli, y una fiesta gratuita con paella y bebidas y amenizada por el grupo French Horn Collective, que fusiona jazz, blues y gypsy con m\u00fasica francesa contempor\u00e1nea.<\/p>\n<p>A la misma hora, pero en distintos idiomas y salas, la escritora y diplom\u00e1tica Power, laureada con el Premio Pulitzer, y la poeta, novelista y acad\u00e9mica nicarag\u00fcense Belli, Premio Biblioteca Breve y Premio Sor Juana In\u00e9s de la Cruz, presentar\u00e1n sus obras m\u00e1s recientes en sendos coloquios con periodistas.<\/p>\n<p>EFE<\/p>\n","protected":false},"excerpt":{"rendered":"<p>Dos mujeres y escritoras, la estadounidense Samantha Power y la <a href=\"https:\/\/sertv.gob.pa\/crisolfm\/la-feria-del-libro-de-miami-abre-de-la-mano-de-dos-mujeres-y-escritoras\/\"> [&#8230;]<\/a><\/p>\n","protected":false},"author":64,"featured_media":24159,"comment_status":"closed","ping_status":"closed","sticky":false,"template":"","format":"standard","meta":{"footnotes":""},"categories":[6],"tags":[],"class_list":["post-24157","post","type-post","status-publish","format-standard","has-post-thumbnail","hentry","category-culturales"],"_links":{"self":[{"href":"https:\/\/sertv.gob.pa\/crisolfm\/wp-json\/wp\/v2\/posts\/24157","targetHints":{"allow":["GET"]}}],"collection":[{"href":"https:\/\/sertv.gob.pa\/crisolfm\/wp-json\/wp\/v2\/posts"}],"about":[{"href":"https:\/\/sertv.gob.pa\/crisolfm\/wp-json\/wp\/v2\/types\/post"}],"author":[{"embeddable":true,"href":"https:\/\/sertv.gob.pa\/crisolfm\/wp-json\/wp\/v2\/users\/64"}],"replies":[{"embeddable":true,"href":"https:\/\/sertv.gob.pa\/crisolfm\/wp-json\/wp\/v2\/comments?post=24157"}],"version-history":[{"count":1,"href":"https:\/\/sertv.gob.pa\/crisolfm\/wp-json\/wp\/v2\/posts\/24157\/revisions"}],"predecessor-version":[{"id":24160,"href":"https:\/\/sertv.gob.pa\/crisolfm\/wp-json\/wp\/v2\/posts\/24157\/revisions\/24160"}],"wp:featuredmedia":[{"embeddable":true,"href":"https:\/\/sertv.gob.pa\/crisolfm\/wp-json\/wp\/v2\/media\/24159"}],"wp:attachment":[{"href":"https:\/\/sertv.gob.pa\/crisolfm\/wp-json\/wp\/v2\/media?parent=24157"}],"wp:term":[{"taxonomy":"category","embeddable":true,"href":"https:\/\/sertv.gob.pa\/crisolfm\/wp-json\/wp\/v2\/categories?post=24157"},{"taxonomy":"post_tag","embeddable":true,"href":"https:\/\/sertv.gob.pa\/crisolfm\/wp-json\/wp\/v2\/tags?post=24157"}],"curies":[{"name":"wp","href":"https:\/\/api.w.org\/{rel}","templated":true}]}}