{"id":24164,"date":"2019-11-18T14:02:22","date_gmt":"2019-11-18T14:02:22","guid":{"rendered":"https:\/\/sertv.gob.pa\/crisolfm\/?p=24164"},"modified":"2019-11-18T14:02:22","modified_gmt":"2019-11-18T14:02:22","slug":"gui-minhai-es-premiado-por-suecia-pese-al-descontento-de-china","status":"publish","type":"post","link":"https:\/\/sertv.gob.pa\/crisolfm\/gui-minhai-es-premiado-por-suecia-pese-al-descontento-de-china\/","title":{"rendered":"Gui Minhai es premiado por Suecia pese al descontento de China"},"content":{"rendered":"<p>La ministra sueca de Cultura otorg\u00f3 un premio de la asociaci\u00f3n de defensa de escritores PEN al librero y editor Gui Minhai, detenido en China, que reaccion\u00f3 amenazando a Suecia con \u00abmedidas de represalias\u00bb.<\/p>\n<p>\u00abChina se opone categ\u00f3ricamente al premio entregado por el PEN Suecia a un criminal y un fabricante de mentiras [&#8230;]. Nos oponemos todav\u00eda m\u00e1s categ\u00f3ricamente a la presencia de responsables gubernamentales suecos en la ceremonia\u00bb, hab\u00eda advertido m\u00e1s temprano el embajador de China en Estocolmo, Gui Congyou, en declaraciones publicadas en la web de la embajada. \u00abTomaremos medidas de represalias\u00bb, advirti\u00f3. \u00abAlgunas personas en Suecia no deber\u00edan sentirse tranquilas tras haber herido los sentimientos del pueblo chino y los intereses de China\u00bb, a\u00f1adi\u00f3. \u00abLos intercambios y la cooperaci\u00f3n se ver\u00e1n gravemente afectados\u00bb, precis\u00f3.<\/p>\n<p>El primer ministro sueco, Stefan Lofven, respondi\u00f3 que Estocolmo \u00abno ceder\u00eda a este tipo de amenazas\u00bb. \u00abSuecia garantiza la libertad de expresi\u00f3n, es as\u00ed, punto final\u00bb, declar\u00f3 en la televisi\u00f3n p\u00fablica.<\/p>\n<p>AFP<\/p>\n","protected":false},"excerpt":{"rendered":"<p>La ministra sueca de Cultura otorg\u00f3 un premio de la <a href=\"https:\/\/sertv.gob.pa\/crisolfm\/gui-minhai-es-premiado-por-suecia-pese-al-descontento-de-china\/\"> [&#8230;]<\/a><\/p>\n","protected":false},"author":64,"featured_media":24165,"comment_status":"closed","ping_status":"closed","sticky":false,"template":"","format":"standard","meta":{"footnotes":""},"categories":[6],"tags":[],"class_list":["post-24164","post","type-post","status-publish","format-standard","has-post-thumbnail","hentry","category-culturales"],"_links":{"self":[{"href":"https:\/\/sertv.gob.pa\/crisolfm\/wp-json\/wp\/v2\/posts\/24164","targetHints":{"allow":["GET"]}}],"collection":[{"href":"https:\/\/sertv.gob.pa\/crisolfm\/wp-json\/wp\/v2\/posts"}],"about":[{"href":"https:\/\/sertv.gob.pa\/crisolfm\/wp-json\/wp\/v2\/types\/post"}],"author":[{"embeddable":true,"href":"https:\/\/sertv.gob.pa\/crisolfm\/wp-json\/wp\/v2\/users\/64"}],"replies":[{"embeddable":true,"href":"https:\/\/sertv.gob.pa\/crisolfm\/wp-json\/wp\/v2\/comments?post=24164"}],"version-history":[{"count":1,"href":"https:\/\/sertv.gob.pa\/crisolfm\/wp-json\/wp\/v2\/posts\/24164\/revisions"}],"predecessor-version":[{"id":24166,"href":"https:\/\/sertv.gob.pa\/crisolfm\/wp-json\/wp\/v2\/posts\/24164\/revisions\/24166"}],"wp:featuredmedia":[{"embeddable":true,"href":"https:\/\/sertv.gob.pa\/crisolfm\/wp-json\/wp\/v2\/media\/24165"}],"wp:attachment":[{"href":"https:\/\/sertv.gob.pa\/crisolfm\/wp-json\/wp\/v2\/media?parent=24164"}],"wp:term":[{"taxonomy":"category","embeddable":true,"href":"https:\/\/sertv.gob.pa\/crisolfm\/wp-json\/wp\/v2\/categories?post=24164"},{"taxonomy":"post_tag","embeddable":true,"href":"https:\/\/sertv.gob.pa\/crisolfm\/wp-json\/wp\/v2\/tags?post=24164"}],"curies":[{"name":"wp","href":"https:\/\/api.w.org\/{rel}","templated":true}]}}