{"id":24167,"date":"2019-11-18T14:07:57","date_gmt":"2019-11-18T14:07:57","guid":{"rendered":"https:\/\/sertv.gob.pa\/crisolfm\/?p=24167"},"modified":"2019-11-18T14:07:57","modified_gmt":"2019-11-18T14:07:57","slug":"con-su-propia-actuacion-antonio-banderas-inauguro-su-teatro-en-espana","status":"publish","type":"post","link":"https:\/\/sertv.gob.pa\/crisolfm\/con-su-propia-actuacion-antonio-banderas-inauguro-su-teatro-en-espana\/","title":{"rendered":"Con su propia actuaci\u00f3n Antonio Banderas inaugur\u00f3 su teatro en Espa\u00f1a"},"content":{"rendered":"<p>El actor espa\u00f1ol Antonio Banderas inaugur\u00f3 este viernes el teatro fundado en su M\u00e1laga natal, con el estreno de la comedia musical \u00abA Chorus line\u00bb, el &#8216;remake&#8217; de un gran \u00e9xito de Broadway en el que \u00e9l mismo act\u00faa.<\/p>\n<p>Para marcar la apertura del nuevo \u00abTeatro del Soho\u00bb en la ciudad andaluza, Banderas eligi\u00f3 una obra que evoca a los artistas an\u00f3nimos y \u00abtodos los sufrimientos que hay detr\u00e1s\u00bb de estos espect\u00e1culos, tal como explic\u00f3 a la prensa esta semana. La trama de \u00abA Chorus line\u00bb pone el acento en \u00abaquellas personas que realmente sostienen la industria del teatro musical pero que no tienen los nombres con las luces de colores y no son conocidos\u00bb, destac\u00f3.<\/p>\n<p>El propio Banderas figura en el elenco de 26 actores, y encarna el papel de Zach, un core\u00f3grafo que debe someter a audici\u00f3n a otros artistas. El actor malague\u00f1o adapta de esta forma un cl\u00e1sico de la comedia musical norteamericana, que bati\u00f3 r\u00e9cords de longevidad en la cartelera de Nueva York, permaneciendo sin interrupci\u00f3n en Broadway de 1975 a 1990.<\/p>\n<p>Banderas inaugura este teatro seis meses despu\u00e9s de recibir en el Festival de Cannes el prestigioso premio a la mejor interpretaci\u00f3n masculina por su papel protag\u00f3nico en \u00abDolor y gloria\u00bb, dirigido por su compatriota Pedro Almod\u00f3var, del que es uno de los actores fetiche.<\/p>\n<p>AFP<\/p>\n","protected":false},"excerpt":{"rendered":"<p>El actor espa\u00f1ol Antonio Banderas inaugur\u00f3 este viernes el teatro <a href=\"https:\/\/sertv.gob.pa\/crisolfm\/con-su-propia-actuacion-antonio-banderas-inauguro-su-teatro-en-espana\/\"> [&#8230;]<\/a><\/p>\n","protected":false},"author":64,"featured_media":24168,"comment_status":"closed","ping_status":"closed","sticky":false,"template":"","format":"standard","meta":{"footnotes":""},"categories":[6],"tags":[],"class_list":["post-24167","post","type-post","status-publish","format-standard","has-post-thumbnail","hentry","category-culturales"],"_links":{"self":[{"href":"https:\/\/sertv.gob.pa\/crisolfm\/wp-json\/wp\/v2\/posts\/24167","targetHints":{"allow":["GET"]}}],"collection":[{"href":"https:\/\/sertv.gob.pa\/crisolfm\/wp-json\/wp\/v2\/posts"}],"about":[{"href":"https:\/\/sertv.gob.pa\/crisolfm\/wp-json\/wp\/v2\/types\/post"}],"author":[{"embeddable":true,"href":"https:\/\/sertv.gob.pa\/crisolfm\/wp-json\/wp\/v2\/users\/64"}],"replies":[{"embeddable":true,"href":"https:\/\/sertv.gob.pa\/crisolfm\/wp-json\/wp\/v2\/comments?post=24167"}],"version-history":[{"count":1,"href":"https:\/\/sertv.gob.pa\/crisolfm\/wp-json\/wp\/v2\/posts\/24167\/revisions"}],"predecessor-version":[{"id":24169,"href":"https:\/\/sertv.gob.pa\/crisolfm\/wp-json\/wp\/v2\/posts\/24167\/revisions\/24169"}],"wp:featuredmedia":[{"embeddable":true,"href":"https:\/\/sertv.gob.pa\/crisolfm\/wp-json\/wp\/v2\/media\/24168"}],"wp:attachment":[{"href":"https:\/\/sertv.gob.pa\/crisolfm\/wp-json\/wp\/v2\/media?parent=24167"}],"wp:term":[{"taxonomy":"category","embeddable":true,"href":"https:\/\/sertv.gob.pa\/crisolfm\/wp-json\/wp\/v2\/categories?post=24167"},{"taxonomy":"post_tag","embeddable":true,"href":"https:\/\/sertv.gob.pa\/crisolfm\/wp-json\/wp\/v2\/tags?post=24167"}],"curies":[{"name":"wp","href":"https:\/\/api.w.org\/{rel}","templated":true}]}}