{"id":24195,"date":"2019-11-18T15:40:37","date_gmt":"2019-11-18T15:40:37","guid":{"rendered":"https:\/\/sertv.gob.pa\/crisolfm\/?p=24195"},"modified":"2019-11-18T15:40:37","modified_gmt":"2019-11-18T15:40:37","slug":"el-artico-puede-quedarse-sin-hielo-en-2044","status":"publish","type":"post","link":"https:\/\/sertv.gob.pa\/crisolfm\/el-artico-puede-quedarse-sin-hielo-en-2044\/","title":{"rendered":"El \u00c1rtico puede quedarse sin hielo en 2044"},"content":{"rendered":"<p>Es la conclusi\u00f3n de un estudio de cient\u00edficos clim\u00e1tico de UCLA (Universidad de California en Los \u00c1ngeles), que se public\u00f3 en Nature Climate Change, y enfoca las<strong> predicciones a un per\u00edodo de 25 a\u00f1os. <\/strong>Los cient\u00edficos han intentado predecir el futuro del hielo marino del \u00c1rtico durante varias d\u00e9cadas, confiando en una serie de modelos clim\u00e1ticos globales que simulan c\u00f3mo reaccionar\u00e1 el sistema clim\u00e1tico a todo el di\u00f3xido de carbono que ingresa a la atm\u00f3sfera. Pero las predicciones de los modelos no han estado de acuerdo ampliamente.<\/p>\n<p>Entre la generaci\u00f3n actual de modelos, algunos muestran septiembre sin hielo desde 2026; otros sugieren que el fen\u00f3meno comenzar\u00e1 tan tarde como 2132. El autor principal del nuevo estudio es <strong>Chad Thackeray<\/strong>, investigador asistente del Centro de Ciencias del Clima del Instituto de Medio Ambiente y Sostenibilidad de la UCLA.<\/p>\n<p>A su juicio, una raz\u00f3n por la cual las predicciones sobre la p\u00e9rdida de hielo marino divergen tanto es que difieren en la forma en que consideran un proceso llamado retroalimentaci\u00f3n de albedo de hielo marino, que ocurre cuando un parche de hielo marino se derrite por completo, descubriendo una superficie de agua de mar que es m\u00e1s oscura y absorbe m\u00e1s luz solar que el hielo lo hubiera hecho.<\/p>\n<p>Ese cambio en la reflectividad de la superficie de la luz solar, o albedo, causa un mayor calentamiento local, lo que a su vez conduce a una mayor fusi\u00f3n del hielo, informa la UCLA en un comunicado. El ciclo exacerba el calentamiento, una de las razones por las cuales <strong>el \u00c1rtico se est\u00e1 calentando el doble de r\u00e1pido<\/strong> que el resto del mundo.<\/p>\n<p>&nbsp;<\/p>\n<p>ECOticias<\/p>\n","protected":false},"excerpt":{"rendered":"<p>Es la conclusi\u00f3n de un estudio de cient\u00edficos clim\u00e1tico de <a href=\"https:\/\/sertv.gob.pa\/crisolfm\/el-artico-puede-quedarse-sin-hielo-en-2044\/\"> [&#8230;]<\/a><\/p>\n","protected":false},"author":64,"featured_media":24196,"comment_status":"closed","ping_status":"closed","sticky":false,"template":"","format":"standard","meta":{"footnotes":""},"categories":[7],"tags":[],"class_list":["post-24195","post","type-post","status-publish","format-standard","has-post-thumbnail","hentry","category-ecologicas"],"_links":{"self":[{"href":"https:\/\/sertv.gob.pa\/crisolfm\/wp-json\/wp\/v2\/posts\/24195","targetHints":{"allow":["GET"]}}],"collection":[{"href":"https:\/\/sertv.gob.pa\/crisolfm\/wp-json\/wp\/v2\/posts"}],"about":[{"href":"https:\/\/sertv.gob.pa\/crisolfm\/wp-json\/wp\/v2\/types\/post"}],"author":[{"embeddable":true,"href":"https:\/\/sertv.gob.pa\/crisolfm\/wp-json\/wp\/v2\/users\/64"}],"replies":[{"embeddable":true,"href":"https:\/\/sertv.gob.pa\/crisolfm\/wp-json\/wp\/v2\/comments?post=24195"}],"version-history":[{"count":1,"href":"https:\/\/sertv.gob.pa\/crisolfm\/wp-json\/wp\/v2\/posts\/24195\/revisions"}],"predecessor-version":[{"id":24197,"href":"https:\/\/sertv.gob.pa\/crisolfm\/wp-json\/wp\/v2\/posts\/24195\/revisions\/24197"}],"wp:featuredmedia":[{"embeddable":true,"href":"https:\/\/sertv.gob.pa\/crisolfm\/wp-json\/wp\/v2\/media\/24196"}],"wp:attachment":[{"href":"https:\/\/sertv.gob.pa\/crisolfm\/wp-json\/wp\/v2\/media?parent=24195"}],"wp:term":[{"taxonomy":"category","embeddable":true,"href":"https:\/\/sertv.gob.pa\/crisolfm\/wp-json\/wp\/v2\/categories?post=24195"},{"taxonomy":"post_tag","embeddable":true,"href":"https:\/\/sertv.gob.pa\/crisolfm\/wp-json\/wp\/v2\/tags?post=24195"}],"curies":[{"name":"wp","href":"https:\/\/api.w.org\/{rel}","templated":true}]}}