{"id":24207,"date":"2019-11-19T13:39:20","date_gmt":"2019-11-19T13:39:20","guid":{"rendered":"https:\/\/sertv.gob.pa\/crisolfm\/?p=24207"},"modified":"2019-11-19T13:39:20","modified_gmt":"2019-11-19T13:39:20","slug":"fernando-arrabal-recibe-la-gran-cruz-de-la-orden-civil-de-alfonso-x-en-paris","status":"publish","type":"post","link":"https:\/\/sertv.gob.pa\/crisolfm\/fernando-arrabal-recibe-la-gran-cruz-de-la-orden-civil-de-alfonso-x-en-paris\/","title":{"rendered":"Fernando Arrabal recibe la Gran Cruz de la Orden Civil de Alfonso X en Par\u00eds"},"content":{"rendered":"<p>El escritor y artista espa\u00f1ol Fernando Arrabal recibi\u00f3 este domingo en Par\u00eds de la mano del ministro espa\u00f1ol de Cultura en funciones, Jos\u00e9 Guirao, la Gran Cruz de la Orden Civil de Alfonso X el Sabio en reconocimiento por su contribuci\u00f3n a la cultura y a la imagen de su pa\u00eds. En una ceremonia en la residencia del embajador de Espa\u00f1a en Par\u00eds, Guirao subray\u00f3 la \u00abgigantesca contribuci\u00f3n al teatro\u00bb de Arrabal, que es \u00abel autor espa\u00f1ol contempor\u00e1neo m\u00e1s representado en los escenarios de todo el mundo\u00bb.<\/p>\n<p>El ministro puso en contraste eso con el hecho de que estuviera \u00abvetado en su propio pa\u00eds\u00bb durante la dictadura. Por eso, insisti\u00f3 en que \u00abse merece todos los reconocimientos\u00bb de Espa\u00f1a, y por eso su Gobierno decidi\u00f3 darle este premio, por todo lo que ha aportado a su cultura y por la imagen que ha transmitido, ya que \u00abEspa\u00f1a siempre est\u00e1 en su obra\u00bb.<\/p>\n<p>En Espa\u00f1a, a\u00f1adi\u00f3, \u00aba veces somos un poco parcos, austeros en el reconocimiento, y yo creo que no hay que ser austero, hay que ser justo. Y en justicia lo merec\u00eda\u00bb.<\/p>\n<p><strong> EFE<\/strong><\/p>\n","protected":false},"excerpt":{"rendered":"<p>El escritor y artista espa\u00f1ol Fernando Arrabal recibi\u00f3 este domingo <a href=\"https:\/\/sertv.gob.pa\/crisolfm\/fernando-arrabal-recibe-la-gran-cruz-de-la-orden-civil-de-alfonso-x-en-paris\/\"> [&#8230;]<\/a><\/p>\n","protected":false},"author":64,"featured_media":24208,"comment_status":"closed","ping_status":"closed","sticky":false,"template":"","format":"standard","meta":{"footnotes":""},"categories":[6],"tags":[],"class_list":["post-24207","post","type-post","status-publish","format-standard","has-post-thumbnail","hentry","category-culturales"],"_links":{"self":[{"href":"https:\/\/sertv.gob.pa\/crisolfm\/wp-json\/wp\/v2\/posts\/24207","targetHints":{"allow":["GET"]}}],"collection":[{"href":"https:\/\/sertv.gob.pa\/crisolfm\/wp-json\/wp\/v2\/posts"}],"about":[{"href":"https:\/\/sertv.gob.pa\/crisolfm\/wp-json\/wp\/v2\/types\/post"}],"author":[{"embeddable":true,"href":"https:\/\/sertv.gob.pa\/crisolfm\/wp-json\/wp\/v2\/users\/64"}],"replies":[{"embeddable":true,"href":"https:\/\/sertv.gob.pa\/crisolfm\/wp-json\/wp\/v2\/comments?post=24207"}],"version-history":[{"count":1,"href":"https:\/\/sertv.gob.pa\/crisolfm\/wp-json\/wp\/v2\/posts\/24207\/revisions"}],"predecessor-version":[{"id":24209,"href":"https:\/\/sertv.gob.pa\/crisolfm\/wp-json\/wp\/v2\/posts\/24207\/revisions\/24209"}],"wp:featuredmedia":[{"embeddable":true,"href":"https:\/\/sertv.gob.pa\/crisolfm\/wp-json\/wp\/v2\/media\/24208"}],"wp:attachment":[{"href":"https:\/\/sertv.gob.pa\/crisolfm\/wp-json\/wp\/v2\/media?parent=24207"}],"wp:term":[{"taxonomy":"category","embeddable":true,"href":"https:\/\/sertv.gob.pa\/crisolfm\/wp-json\/wp\/v2\/categories?post=24207"},{"taxonomy":"post_tag","embeddable":true,"href":"https:\/\/sertv.gob.pa\/crisolfm\/wp-json\/wp\/v2\/tags?post=24207"}],"curies":[{"name":"wp","href":"https:\/\/api.w.org\/{rel}","templated":true}]}}