{"id":24210,"date":"2019-11-19T13:43:26","date_gmt":"2019-11-19T13:43:26","guid":{"rendered":"https:\/\/sertv.gob.pa\/crisolfm\/?p=24210"},"modified":"2019-11-19T13:43:26","modified_gmt":"2019-11-19T13:43:26","slug":"el-museo-del-prado-cumple-dos-siglos-como-referencia-de-la-pintura-mundial","status":"publish","type":"post","link":"https:\/\/sertv.gob.pa\/crisolfm\/el-museo-del-prado-cumple-dos-siglos-como-referencia-de-la-pintura-mundial\/","title":{"rendered":"El Museo del Prado cumple dos siglos como referencia de la pintura mundial"},"content":{"rendered":"<p>El Museo del Prado de Madrid cumple 200 a\u00f1os este martes como referente del arte y la cultura espa\u00f1olas y con el prestigio de ser una de las principales pinatotecas mundiales y recibir casi tres millones de visitantes anuales.<\/p>\n<p>Goya, el pintor con m\u00e1s obras en el museo, pondr\u00e1 el broche de oro a los eventos del bicentenario, con la mayor exposici\u00f3n hasta la fecha de dibujos del artista, formada por m\u00e1s de trescientas obras de la colecci\u00f3n del Prado y de fondos p\u00fablicos y privados.<\/p>\n<p>La muestra, presentada hoy pero abierta al p\u00fablico desde ma\u00f1ana, podr\u00e1 visitarse hasta el 16 de febrero, y trata temas que siguen siendo muy actuales como la violencia sobre las mujeres o la injusticia social.<\/p>\n<p>EFE<\/p>\n","protected":false},"excerpt":{"rendered":"<p>El Museo del Prado de Madrid cumple 200 a\u00f1os este <a href=\"https:\/\/sertv.gob.pa\/crisolfm\/el-museo-del-prado-cumple-dos-siglos-como-referencia-de-la-pintura-mundial\/\"> [&#8230;]<\/a><\/p>\n","protected":false},"author":64,"featured_media":24211,"comment_status":"closed","ping_status":"closed","sticky":false,"template":"","format":"standard","meta":{"footnotes":""},"categories":[6],"tags":[],"class_list":["post-24210","post","type-post","status-publish","format-standard","has-post-thumbnail","hentry","category-culturales"],"_links":{"self":[{"href":"https:\/\/sertv.gob.pa\/crisolfm\/wp-json\/wp\/v2\/posts\/24210","targetHints":{"allow":["GET"]}}],"collection":[{"href":"https:\/\/sertv.gob.pa\/crisolfm\/wp-json\/wp\/v2\/posts"}],"about":[{"href":"https:\/\/sertv.gob.pa\/crisolfm\/wp-json\/wp\/v2\/types\/post"}],"author":[{"embeddable":true,"href":"https:\/\/sertv.gob.pa\/crisolfm\/wp-json\/wp\/v2\/users\/64"}],"replies":[{"embeddable":true,"href":"https:\/\/sertv.gob.pa\/crisolfm\/wp-json\/wp\/v2\/comments?post=24210"}],"version-history":[{"count":1,"href":"https:\/\/sertv.gob.pa\/crisolfm\/wp-json\/wp\/v2\/posts\/24210\/revisions"}],"predecessor-version":[{"id":24212,"href":"https:\/\/sertv.gob.pa\/crisolfm\/wp-json\/wp\/v2\/posts\/24210\/revisions\/24212"}],"wp:featuredmedia":[{"embeddable":true,"href":"https:\/\/sertv.gob.pa\/crisolfm\/wp-json\/wp\/v2\/media\/24211"}],"wp:attachment":[{"href":"https:\/\/sertv.gob.pa\/crisolfm\/wp-json\/wp\/v2\/media?parent=24210"}],"wp:term":[{"taxonomy":"category","embeddable":true,"href":"https:\/\/sertv.gob.pa\/crisolfm\/wp-json\/wp\/v2\/categories?post=24210"},{"taxonomy":"post_tag","embeddable":true,"href":"https:\/\/sertv.gob.pa\/crisolfm\/wp-json\/wp\/v2\/tags?post=24210"}],"curies":[{"name":"wp","href":"https:\/\/api.w.org\/{rel}","templated":true}]}}