{"id":24214,"date":"2019-11-19T13:47:57","date_gmt":"2019-11-19T13:47:57","guid":{"rendered":"https:\/\/sertv.gob.pa\/crisolfm\/?p=24214"},"modified":"2019-11-19T13:47:57","modified_gmt":"2019-11-19T13:47:57","slug":"la-deforestacion-en-la-amazonia-se-dispara-y-aumenta-la-presion-sobre-bolsonaro","status":"publish","type":"post","link":"https:\/\/sertv.gob.pa\/crisolfm\/la-deforestacion-en-la-amazonia-se-dispara-y-aumenta-la-presion-sobre-bolsonaro\/","title":{"rendered":"La deforestaci\u00f3n en la Amazon\u00eda se dispara y aumenta la presi\u00f3n sobre Bolsonaro"},"content":{"rendered":"<p>La deforestaci\u00f3n en la Amazon\u00eda brasile\u00f1a se dispar\u00f3 cerca de un 30 % entre agosto de 2018 y julio de 2019 y alcanz\u00f3 su mayor nivel en once a\u00f1os, una situaci\u00f3n que el Gobierno del presidente Jair Bolsonaro ha atribuido a las \u00abactividades ilegales\u00bb en el mayor bosque tropical del planeta. La Amazon\u00eda perdi\u00f3 9.762 kil\u00f3metros cuadrados de su cobertura vegetal en un a\u00f1o, una superficie equivalente a cerca de 10.000 campos de f\u00fatbol, de acuerdo con los datos oficiales del estatal Instituto Nacional de Pesquisas Espaciales (INPE).<\/p>\n<p>La destrucci\u00f3n en el denominado pulm\u00f3n verde fue un 29,5 % superior a la del mismo periodo del a\u00f1o anterior, cuando fueron arrasados 7.536 kil\u00f3metros cuadrados, y la mayor desde 2008 (12.911 kil\u00f3metros cuadrados).<\/p>\n<p>Los datos fueron presentados este lunes por el ministro de Ciencia y Tecnolog\u00eda, Marcos Pontes, y por el titular de Medio Ambiente, Ricardo Salles, quien apunt\u00f3 a las \u00abactividades econ\u00f3micas ilegales\u00bb como la principal causa del aumento de la deforestaci\u00f3n en la Amazon\u00eda.<\/p>\n<p>EFE<\/p>\n","protected":false},"excerpt":{"rendered":"<p>La deforestaci\u00f3n en la Amazon\u00eda brasile\u00f1a se dispar\u00f3 cerca de <a href=\"https:\/\/sertv.gob.pa\/crisolfm\/la-deforestacion-en-la-amazonia-se-dispara-y-aumenta-la-presion-sobre-bolsonaro\/\"> [&#8230;]<\/a><\/p>\n","protected":false},"author":64,"featured_media":24215,"comment_status":"closed","ping_status":"closed","sticky":false,"template":"","format":"standard","meta":{"footnotes":""},"categories":[7],"tags":[],"class_list":["post-24214","post","type-post","status-publish","format-standard","has-post-thumbnail","hentry","category-ecologicas"],"_links":{"self":[{"href":"https:\/\/sertv.gob.pa\/crisolfm\/wp-json\/wp\/v2\/posts\/24214","targetHints":{"allow":["GET"]}}],"collection":[{"href":"https:\/\/sertv.gob.pa\/crisolfm\/wp-json\/wp\/v2\/posts"}],"about":[{"href":"https:\/\/sertv.gob.pa\/crisolfm\/wp-json\/wp\/v2\/types\/post"}],"author":[{"embeddable":true,"href":"https:\/\/sertv.gob.pa\/crisolfm\/wp-json\/wp\/v2\/users\/64"}],"replies":[{"embeddable":true,"href":"https:\/\/sertv.gob.pa\/crisolfm\/wp-json\/wp\/v2\/comments?post=24214"}],"version-history":[{"count":1,"href":"https:\/\/sertv.gob.pa\/crisolfm\/wp-json\/wp\/v2\/posts\/24214\/revisions"}],"predecessor-version":[{"id":24216,"href":"https:\/\/sertv.gob.pa\/crisolfm\/wp-json\/wp\/v2\/posts\/24214\/revisions\/24216"}],"wp:featuredmedia":[{"embeddable":true,"href":"https:\/\/sertv.gob.pa\/crisolfm\/wp-json\/wp\/v2\/media\/24215"}],"wp:attachment":[{"href":"https:\/\/sertv.gob.pa\/crisolfm\/wp-json\/wp\/v2\/media?parent=24214"}],"wp:term":[{"taxonomy":"category","embeddable":true,"href":"https:\/\/sertv.gob.pa\/crisolfm\/wp-json\/wp\/v2\/categories?post=24214"},{"taxonomy":"post_tag","embeddable":true,"href":"https:\/\/sertv.gob.pa\/crisolfm\/wp-json\/wp\/v2\/tags?post=24214"}],"curies":[{"name":"wp","href":"https:\/\/api.w.org\/{rel}","templated":true}]}}