{"id":24238,"date":"2019-11-19T15:26:23","date_gmt":"2019-11-19T15:26:23","guid":{"rendered":"https:\/\/sertv.gob.pa\/crisolfm\/?p=24238"},"modified":"2019-11-19T15:26:23","modified_gmt":"2019-11-19T15:26:23","slug":"el-dengue-se-propaga-exponencialmente-por-los-cambios-ambientales","status":"publish","type":"post","link":"https:\/\/sertv.gob.pa\/crisolfm\/el-dengue-se-propaga-exponencialmente-por-los-cambios-ambientales\/","title":{"rendered":"El dengue se propaga exponencialmente por los \u2018cambios ambientales\u2019"},"content":{"rendered":"<p>La mitad de la poblaci\u00f3n mundial est\u00e1 en riesgo de padecer el dengue, seg\u00fan ha advertido uno de los portavoces de la Organizaci\u00f3n Mundial de la Salud (OMS), Soumya Swaminathan, quien ha informado de que esta enfermedad ha registrado su<strong> \u00abm\u00e1ximo hist\u00f3rico\u00bb<\/strong> en Am\u00e9rica Latina, con 2,7 millones de casos, incluidos 1.206 mortales hasta finales de octubre de 2019. \u00abLa frecuencia de los brotes de dengue ha crecido dr\u00e1sticamente en todo el mundo en las \u00faltimas d\u00e9cadas y actualmente es la enfermedad viral transmitida por mosquitos de propagaci\u00f3n m\u00e1s r\u00e1pida en el planeta. Necesitamos desesperadamente nuevas estrategias\u00bb, ha dicho el experto.<\/p>\n<p>Seg\u00fan los datos recopilados por la OMS, en el a\u00f1o 1970 el dengue s\u00f3lo exist\u00eda en nueve pa\u00edses, si bien ahora es end\u00e9mico en 128 pa\u00edses y afecta a hasta 96 millones de personas cada a\u00f1o. En este sentido, Swaminathan ha comentado que las medidas actuales para controlar la enfermedad <strong>se est\u00e1n \u00abquedando cortas\u00bb<\/strong>.<\/p>\n<p>As\u00ed pues, una de las nuevas medidas (desarrollada por primera vez por el departamento de Agricultura de Estados Unidos) se ha utilizado con \u00e9xito para controlar las plagas de insectos que atacan los cultivos, como la mosca mediterr\u00e1nea de la fruta, y el ganado, como la mosca del gusano barrenador. La novedad es que ahora va a utilizarse contra el mosquito de la especie &#8216;Aedes&#8217;, que transmite enfermedades como el dengue, zika y chikungunya.<\/p>\n<p>\u00abEsta iniciativa es prometedora y emocionante\u00bb, ha aseverado el experto de la OMS al anunciar que, junto al Organismo Internacional de la Energ\u00eda At\u00f3mica, la Organizaci\u00f3n de las Naciones Unidas para la Agricultura y la Alimentaci\u00f3n y el Programa especial para la <strong>investigaci\u00f3n y la formaci\u00f3n en enfermedades tropicales<\/strong>, se ha desarrollados una gu\u00eda dirigida a los pa\u00edses que quieran probar la t\u00e9cnica, la cual se ha demostrado que esta t\u00e9cnica reduce las poblaciones de mosquitos y con ellas las posibilidades de picaduras en los humanos. En las \u00faltimas d\u00e9cadas, la incidencia del dengue ha aumentado exponencialmente debido a los<strong> cambios ambientales<\/strong>, la urbanizaci\u00f3n no regulada, el transporte y los viajes, y la falta de herramientas para controlar los mosquitos que act\u00faan como vectores del virus.<\/p>\n<p>ECOticias<\/p>\n","protected":false},"excerpt":{"rendered":"<p>La mitad de la poblaci\u00f3n mundial est\u00e1 en riesgo de <a href=\"https:\/\/sertv.gob.pa\/crisolfm\/el-dengue-se-propaga-exponencialmente-por-los-cambios-ambientales\/\"> [&#8230;]<\/a><\/p>\n","protected":false},"author":64,"featured_media":24239,"comment_status":"closed","ping_status":"closed","sticky":false,"template":"","format":"standard","meta":{"footnotes":""},"categories":[7],"tags":[],"class_list":["post-24238","post","type-post","status-publish","format-standard","has-post-thumbnail","hentry","category-ecologicas"],"_links":{"self":[{"href":"https:\/\/sertv.gob.pa\/crisolfm\/wp-json\/wp\/v2\/posts\/24238","targetHints":{"allow":["GET"]}}],"collection":[{"href":"https:\/\/sertv.gob.pa\/crisolfm\/wp-json\/wp\/v2\/posts"}],"about":[{"href":"https:\/\/sertv.gob.pa\/crisolfm\/wp-json\/wp\/v2\/types\/post"}],"author":[{"embeddable":true,"href":"https:\/\/sertv.gob.pa\/crisolfm\/wp-json\/wp\/v2\/users\/64"}],"replies":[{"embeddable":true,"href":"https:\/\/sertv.gob.pa\/crisolfm\/wp-json\/wp\/v2\/comments?post=24238"}],"version-history":[{"count":1,"href":"https:\/\/sertv.gob.pa\/crisolfm\/wp-json\/wp\/v2\/posts\/24238\/revisions"}],"predecessor-version":[{"id":24240,"href":"https:\/\/sertv.gob.pa\/crisolfm\/wp-json\/wp\/v2\/posts\/24238\/revisions\/24240"}],"wp:featuredmedia":[{"embeddable":true,"href":"https:\/\/sertv.gob.pa\/crisolfm\/wp-json\/wp\/v2\/media\/24239"}],"wp:attachment":[{"href":"https:\/\/sertv.gob.pa\/crisolfm\/wp-json\/wp\/v2\/media?parent=24238"}],"wp:term":[{"taxonomy":"category","embeddable":true,"href":"https:\/\/sertv.gob.pa\/crisolfm\/wp-json\/wp\/v2\/categories?post=24238"},{"taxonomy":"post_tag","embeddable":true,"href":"https:\/\/sertv.gob.pa\/crisolfm\/wp-json\/wp\/v2\/tags?post=24238"}],"curies":[{"name":"wp","href":"https:\/\/api.w.org\/{rel}","templated":true}]}}