{"id":24241,"date":"2019-11-20T13:21:29","date_gmt":"2019-11-20T13:21:29","guid":{"rendered":"https:\/\/sertv.gob.pa\/crisolfm\/?p=24241"},"modified":"2019-11-20T13:21:29","modified_gmt":"2019-11-20T13:21:29","slug":"mosaicos-y-columnas-de-basilica-de-san-marcos-danados-por-la-inundacion","status":"publish","type":"post","link":"https:\/\/sertv.gob.pa\/crisolfm\/mosaicos-y-columnas-de-basilica-de-san-marcos-danados-por-la-inundacion\/","title":{"rendered":"Mosaicos y columnas de bas\u00edlica de San Marcos da\u00f1ados por la inundaci\u00f3n"},"content":{"rendered":"<p>Las <strong>columnas y los mosaicos <\/strong>de la<strong> bas\u00edlica de San Marcos<\/strong> han resultado<strong>s da\u00f1ados por las inundaciones <\/strong>que anegaron <strong>Venecia <\/strong>la semana pasada ya que la <strong>sal presente en el agua corroe <\/strong>estos <strong>materiale<\/strong>s, dijo el procurador del m\u00e1s famoso templo de la ciudad de los canales, Pierpaolo Compostrini.<\/p>\n<p><em>\u00abHay cosas que no se ven de inmediato\u00bb <\/em>ha se\u00f1alado <strong>Compostrini<\/strong>, pero el proceso de corrosi\u00f3n de la sal <em>\u00abes lento pero inexorable\u00bb<\/em> y todav\u00eda<strong> no se puede hacer un c\u00e1lculo exacto de las p\u00e9rdidas.<\/strong><\/p>\n<p>Sin embargo,<strong> algunos da\u00f1os ya son visibles<\/strong>, como el <strong>mosaico<\/strong> que representa <strong>dos pavos en el pavimento de la bas\u00edlica<\/strong>, uno de los <strong>m\u00e1s valiosos del templo<\/strong>, que ha perdido <strong>numerosas teselas datadas en el siglo XIII<\/strong>, seg\u00fan informa el peri\u00f3dico local \u00abIl Gazzettino\u00bb.<\/p>\n<p>Tambi\u00e9n se ha <strong>hecho p\u00fablico el estado de las bases de algunas columnas<\/strong>, gravemente <strong>perjudicadas<\/strong>, y sobre las que el procurador ha asegurado que se <strong>tendr\u00e1n que sustituir <\/strong>por la imposibilidad de <strong>recuperar el m\u00e1rmol para restaurarlas.<\/strong><\/p>\n<p>EFE<\/p>\n","protected":false},"excerpt":{"rendered":"<p>Las columnas y los mosaicos de la bas\u00edlica de San <a href=\"https:\/\/sertv.gob.pa\/crisolfm\/mosaicos-y-columnas-de-basilica-de-san-marcos-danados-por-la-inundacion\/\"> [&#8230;]<\/a><\/p>\n","protected":false},"author":64,"featured_media":24243,"comment_status":"closed","ping_status":"closed","sticky":false,"template":"","format":"standard","meta":{"footnotes":""},"categories":[6],"tags":[],"class_list":["post-24241","post","type-post","status-publish","format-standard","has-post-thumbnail","hentry","category-culturales"],"_links":{"self":[{"href":"https:\/\/sertv.gob.pa\/crisolfm\/wp-json\/wp\/v2\/posts\/24241","targetHints":{"allow":["GET"]}}],"collection":[{"href":"https:\/\/sertv.gob.pa\/crisolfm\/wp-json\/wp\/v2\/posts"}],"about":[{"href":"https:\/\/sertv.gob.pa\/crisolfm\/wp-json\/wp\/v2\/types\/post"}],"author":[{"embeddable":true,"href":"https:\/\/sertv.gob.pa\/crisolfm\/wp-json\/wp\/v2\/users\/64"}],"replies":[{"embeddable":true,"href":"https:\/\/sertv.gob.pa\/crisolfm\/wp-json\/wp\/v2\/comments?post=24241"}],"version-history":[{"count":1,"href":"https:\/\/sertv.gob.pa\/crisolfm\/wp-json\/wp\/v2\/posts\/24241\/revisions"}],"predecessor-version":[{"id":24244,"href":"https:\/\/sertv.gob.pa\/crisolfm\/wp-json\/wp\/v2\/posts\/24241\/revisions\/24244"}],"wp:featuredmedia":[{"embeddable":true,"href":"https:\/\/sertv.gob.pa\/crisolfm\/wp-json\/wp\/v2\/media\/24243"}],"wp:attachment":[{"href":"https:\/\/sertv.gob.pa\/crisolfm\/wp-json\/wp\/v2\/media?parent=24241"}],"wp:term":[{"taxonomy":"category","embeddable":true,"href":"https:\/\/sertv.gob.pa\/crisolfm\/wp-json\/wp\/v2\/categories?post=24241"},{"taxonomy":"post_tag","embeddable":true,"href":"https:\/\/sertv.gob.pa\/crisolfm\/wp-json\/wp\/v2\/tags?post=24241"}],"curies":[{"name":"wp","href":"https:\/\/api.w.org\/{rel}","templated":true}]}}