{"id":24249,"date":"2019-11-20T13:32:26","date_gmt":"2019-11-20T13:32:26","guid":{"rendered":"https:\/\/sertv.gob.pa\/crisolfm\/?p=24249"},"modified":"2019-11-20T13:32:26","modified_gmt":"2019-11-20T13:32:26","slug":"una-escuela-en-medio-de-la-selva-ensena-a-proteger-la-biodiversidad-en-brasil","status":"publish","type":"post","link":"https:\/\/sertv.gob.pa\/crisolfm\/una-escuela-en-medio-de-la-selva-ensena-a-proteger-la-biodiversidad-en-brasil\/","title":{"rendered":"Una escuela en medio de la selva ense\u00f1a a proteger la biodiversidad en Brasil"},"content":{"rendered":"<p class=\"paragraph\" style=\"text-align: justify\">En plena Amazon\u00eda brasile\u00f1a, ba\u00f1ada por el r\u00edo Tapaj\u00f3s y entre los ancestrales \u00e1rboles que dan vida a la selva, se levanta una escuela peculiar sin salones cerrados, ni tableros, en la que es posible aprender a valorar la biodiversidad en medio de la naturaleza. En este espacio, donde el tiempo pasa lento y el trinar de las aves acompa\u00f1a el caminar, un grupo de expertos se arma de creatividad para explicar de forma l\u00fadica la importancia del medio ambiente. La mayor\u00eda de los visitantes son estudiantes, pero no solo llegan de colegios de la zona.<\/p>\n<p class=\"paragraph\" style=\"text-align: justify\">A la \u00abEscola da floresta\u00bb asisten ni\u00f1os de instituciones educativas de diferentes regiones del pa\u00eds y hasta de otras naciones que se desplazan miles de kil\u00f3metros para conocer de primera mano los saberes que trae consigo la madre naturaleza. Esta aula al aire libre ha recibido estudiantes de Francia y Estados Unidos y visitantes de pa\u00edses como Argentina y Jap\u00f3n.<\/p>\n<p class=\"paragraph\" style=\"text-align: justify\">Alumnos entre los 3 y los 15 a\u00f1os de edad son el p\u00fablico m\u00e1s regular de esta escuela a cielo abierto que tambi\u00e9n es visitada por profesores, universitarios, investigadores y turistas que encuentran en esta iniciativa un espacio para la concientizaci\u00f3n ambiental.<\/p>\n<p class=\"paragraph\" style=\"text-align: justify\">EFE<\/p>\n","protected":false},"excerpt":{"rendered":"<p>En plena Amazon\u00eda brasile\u00f1a, ba\u00f1ada por el r\u00edo Tapaj\u00f3s y <a href=\"https:\/\/sertv.gob.pa\/crisolfm\/una-escuela-en-medio-de-la-selva-ensena-a-proteger-la-biodiversidad-en-brasil\/\"> [&#8230;]<\/a><\/p>\n","protected":false},"author":64,"featured_media":24250,"comment_status":"closed","ping_status":"closed","sticky":false,"template":"","format":"standard","meta":{"footnotes":""},"categories":[7],"tags":[],"class_list":["post-24249","post","type-post","status-publish","format-standard","has-post-thumbnail","hentry","category-ecologicas"],"_links":{"self":[{"href":"https:\/\/sertv.gob.pa\/crisolfm\/wp-json\/wp\/v2\/posts\/24249","targetHints":{"allow":["GET"]}}],"collection":[{"href":"https:\/\/sertv.gob.pa\/crisolfm\/wp-json\/wp\/v2\/posts"}],"about":[{"href":"https:\/\/sertv.gob.pa\/crisolfm\/wp-json\/wp\/v2\/types\/post"}],"author":[{"embeddable":true,"href":"https:\/\/sertv.gob.pa\/crisolfm\/wp-json\/wp\/v2\/users\/64"}],"replies":[{"embeddable":true,"href":"https:\/\/sertv.gob.pa\/crisolfm\/wp-json\/wp\/v2\/comments?post=24249"}],"version-history":[{"count":1,"href":"https:\/\/sertv.gob.pa\/crisolfm\/wp-json\/wp\/v2\/posts\/24249\/revisions"}],"predecessor-version":[{"id":24251,"href":"https:\/\/sertv.gob.pa\/crisolfm\/wp-json\/wp\/v2\/posts\/24249\/revisions\/24251"}],"wp:featuredmedia":[{"embeddable":true,"href":"https:\/\/sertv.gob.pa\/crisolfm\/wp-json\/wp\/v2\/media\/24250"}],"wp:attachment":[{"href":"https:\/\/sertv.gob.pa\/crisolfm\/wp-json\/wp\/v2\/media?parent=24249"}],"wp:term":[{"taxonomy":"category","embeddable":true,"href":"https:\/\/sertv.gob.pa\/crisolfm\/wp-json\/wp\/v2\/categories?post=24249"},{"taxonomy":"post_tag","embeddable":true,"href":"https:\/\/sertv.gob.pa\/crisolfm\/wp-json\/wp\/v2\/tags?post=24249"}],"curies":[{"name":"wp","href":"https:\/\/api.w.org\/{rel}","templated":true}]}}