{"id":24252,"date":"2019-11-20T14:09:37","date_gmt":"2019-11-20T14:09:37","guid":{"rendered":"https:\/\/sertv.gob.pa\/crisolfm\/?p=24252"},"modified":"2019-11-20T14:09:37","modified_gmt":"2019-11-20T14:09:37","slug":"prado-hermitage-y-louvre-aun-lideran-universo-museistico-segun-piotrovski","status":"publish","type":"post","link":"https:\/\/sertv.gob.pa\/crisolfm\/prado-hermitage-y-louvre-aun-lideran-universo-museistico-segun-piotrovski\/","title":{"rendered":"Prado, Hermitage y Louvre a\u00fan lideran universo muse\u00edstico, seg\u00fan Piotrovski"},"content":{"rendered":"<p>El director del museo del Hermitage, Mija\u00edl Piotrovski, felicit\u00f3 al Prado por su 200 aniversario y se mostr\u00f3 convencido de que las dos pinacotecas siguen liderando, junto al Louvre, el universo muse\u00edstico. \u00ab\u00bfQu\u00e9 es eso de que el mundo cambia? La troika sigue siendo la misma (Prado, Hermitage y Louvre)\u00bb, dijo a Efe en conversaci\u00f3n telef\u00f3nica desde San Petersburgo.<\/p>\n<p>Piotrovski, que dirige el principal museo ruso desde 1992, subray\u00f3 que \u00abel Prado y el Hermitage se encuentran entre los museos m\u00e1s populares del mundo. No s\u00f3lo en sus pa\u00edses, sino en todo el mundo\u00bb. \u00abEl Prado y el Hermitage son muy cercanos el uno al otro en esp\u00edritu. No hay que mirar s\u00f3lo las cifras, sino la reputaci\u00f3n. En Rusia el Prado es el museo preferido por los rusos, m\u00e1s que cualquier otro. Y s\u00e9 que en Espa\u00f1a el Hermitage es muy apreciado\u00bb, coment\u00f3. Asegur\u00f3 que el Prado, al que no dud\u00f3 en calificar de \u00abmuseo hermano\u00bb, es \u00abun modelo de c\u00f3mo debe desarrollarse un museo en el siglo XXI\u00bb. Entre otras cosas, destac\u00f3 \u00abc\u00f3mo combina el trabajo acad\u00e9mico, restaurador, cient\u00edfico y de investigaci\u00f3n con la apertura al gran p\u00fablico\u00bb.<\/p>\n<p>\u00abHoy es un d\u00eda muy importante. Felicito a nuestro museo hermano por su 200 cumplea\u00f1os. Y felicito a todo el pueblo espa\u00f1ol y a todo el mundo por ese magn\u00edfico museo. Tenemos mucho en com\u00fan y muchos lazos que nos unen\u00bb, se\u00f1al\u00f3. El director ruso admiti\u00f3 que hay dos cosas que le gustan mucho del Prado: la atm\u00f3sfera muse\u00edstica y, sobre todo, c\u00f3mo est\u00e1 expuesto El Bosco.<\/p>\n<p>EFE<\/p>\n","protected":false},"excerpt":{"rendered":"<p>El director del museo del Hermitage, Mija\u00edl Piotrovski, felicit\u00f3 al <a href=\"https:\/\/sertv.gob.pa\/crisolfm\/prado-hermitage-y-louvre-aun-lideran-universo-museistico-segun-piotrovski\/\"> [&#8230;]<\/a><\/p>\n","protected":false},"author":64,"featured_media":24253,"comment_status":"closed","ping_status":"closed","sticky":false,"template":"","format":"standard","meta":{"footnotes":""},"categories":[6],"tags":[],"class_list":["post-24252","post","type-post","status-publish","format-standard","has-post-thumbnail","hentry","category-culturales"],"_links":{"self":[{"href":"https:\/\/sertv.gob.pa\/crisolfm\/wp-json\/wp\/v2\/posts\/24252","targetHints":{"allow":["GET"]}}],"collection":[{"href":"https:\/\/sertv.gob.pa\/crisolfm\/wp-json\/wp\/v2\/posts"}],"about":[{"href":"https:\/\/sertv.gob.pa\/crisolfm\/wp-json\/wp\/v2\/types\/post"}],"author":[{"embeddable":true,"href":"https:\/\/sertv.gob.pa\/crisolfm\/wp-json\/wp\/v2\/users\/64"}],"replies":[{"embeddable":true,"href":"https:\/\/sertv.gob.pa\/crisolfm\/wp-json\/wp\/v2\/comments?post=24252"}],"version-history":[{"count":1,"href":"https:\/\/sertv.gob.pa\/crisolfm\/wp-json\/wp\/v2\/posts\/24252\/revisions"}],"predecessor-version":[{"id":24254,"href":"https:\/\/sertv.gob.pa\/crisolfm\/wp-json\/wp\/v2\/posts\/24252\/revisions\/24254"}],"wp:featuredmedia":[{"embeddable":true,"href":"https:\/\/sertv.gob.pa\/crisolfm\/wp-json\/wp\/v2\/media\/24253"}],"wp:attachment":[{"href":"https:\/\/sertv.gob.pa\/crisolfm\/wp-json\/wp\/v2\/media?parent=24252"}],"wp:term":[{"taxonomy":"category","embeddable":true,"href":"https:\/\/sertv.gob.pa\/crisolfm\/wp-json\/wp\/v2\/categories?post=24252"},{"taxonomy":"post_tag","embeddable":true,"href":"https:\/\/sertv.gob.pa\/crisolfm\/wp-json\/wp\/v2\/tags?post=24252"}],"curies":[{"name":"wp","href":"https:\/\/api.w.org\/{rel}","templated":true}]}}