{"id":24255,"date":"2019-11-20T14:20:14","date_gmt":"2019-11-20T14:20:14","guid":{"rendered":"https:\/\/sertv.gob.pa\/crisolfm\/?p=24255"},"modified":"2019-11-20T14:20:14","modified_gmt":"2019-11-20T14:20:14","slug":"regresa-el-festival-del-tambor-peligreno-en-david","status":"publish","type":"post","link":"https:\/\/sertv.gob.pa\/crisolfm\/regresa-el-festival-del-tambor-peligreno-en-david\/","title":{"rendered":"Regresa el Festival del Tambor Peligre\u00f1o en David"},"content":{"rendered":"<p>El Barrio Bol\u00edvar en David, provincia de Chiriqu\u00ed, engalanar\u00e1 sus calles con bailes y tonadas durante el Festival del Tambor Peligre\u00f1o, del 27 de noviembre al 1 de diciembre.\u00a0Las piezas musicales de la regi\u00f3n cobrar\u00e1n protagonismo en esta gala, para realzar las costumbres del campesino paname\u00f1o, expres\u00f3 Noel Caballero de la organizaci\u00f3n de la actividad.<\/p>\n<p>Luis Ben\u00edtez, representante de David, explic\u00f3 que durante el evento se presentar\u00e1n distintos conjuntos folcl\u00f3ricos del pa\u00eds y exponentes del g\u00e9nero t\u00edpico. Adem\u00e1s, los artesanos paname\u00f1os exhibir\u00e1n sus creaciones en una feria libre, donde igualmente habr\u00e1 actividades para los ni\u00f1os, se\u00f1al\u00f3 el representante. \u201cQueremos realzar la festividad, que sea conocida y se posicione como uno de los mayores eventos folcl\u00f3ricos del pa\u00eds\u201d, destac\u00f3 Ben\u00edtez. Agreg\u00f3, que un desfile de antorchas recorrer\u00e1 la comunidad la noche inaugural del festival.<\/p>\n<p>Una caravana coronar\u00e1 el cierre de la celebraci\u00f3n, donde desfilar\u00e1n trajes t\u00edpicos, carretas, comparsas y tunas, concluy\u00f3 el pol\u00edtico.<\/p>\n<p>&nbsp;<\/p>\n","protected":false},"excerpt":{"rendered":"<p>El Barrio Bol\u00edvar en David, provincia de Chiriqu\u00ed, engalanar\u00e1 sus <a href=\"https:\/\/sertv.gob.pa\/crisolfm\/regresa-el-festival-del-tambor-peligreno-en-david\/\"> [&#8230;]<\/a><\/p>\n","protected":false},"author":64,"featured_media":24256,"comment_status":"closed","ping_status":"closed","sticky":false,"template":"","format":"standard","meta":{"footnotes":""},"categories":[6],"tags":[],"class_list":["post-24255","post","type-post","status-publish","format-standard","has-post-thumbnail","hentry","category-culturales"],"_links":{"self":[{"href":"https:\/\/sertv.gob.pa\/crisolfm\/wp-json\/wp\/v2\/posts\/24255","targetHints":{"allow":["GET"]}}],"collection":[{"href":"https:\/\/sertv.gob.pa\/crisolfm\/wp-json\/wp\/v2\/posts"}],"about":[{"href":"https:\/\/sertv.gob.pa\/crisolfm\/wp-json\/wp\/v2\/types\/post"}],"author":[{"embeddable":true,"href":"https:\/\/sertv.gob.pa\/crisolfm\/wp-json\/wp\/v2\/users\/64"}],"replies":[{"embeddable":true,"href":"https:\/\/sertv.gob.pa\/crisolfm\/wp-json\/wp\/v2\/comments?post=24255"}],"version-history":[{"count":1,"href":"https:\/\/sertv.gob.pa\/crisolfm\/wp-json\/wp\/v2\/posts\/24255\/revisions"}],"predecessor-version":[{"id":24257,"href":"https:\/\/sertv.gob.pa\/crisolfm\/wp-json\/wp\/v2\/posts\/24255\/revisions\/24257"}],"wp:featuredmedia":[{"embeddable":true,"href":"https:\/\/sertv.gob.pa\/crisolfm\/wp-json\/wp\/v2\/media\/24256"}],"wp:attachment":[{"href":"https:\/\/sertv.gob.pa\/crisolfm\/wp-json\/wp\/v2\/media?parent=24255"}],"wp:term":[{"taxonomy":"category","embeddable":true,"href":"https:\/\/sertv.gob.pa\/crisolfm\/wp-json\/wp\/v2\/categories?post=24255"},{"taxonomy":"post_tag","embeddable":true,"href":"https:\/\/sertv.gob.pa\/crisolfm\/wp-json\/wp\/v2\/tags?post=24255"}],"curies":[{"name":"wp","href":"https:\/\/api.w.org\/{rel}","templated":true}]}}