{"id":24258,"date":"2019-11-20T14:29:06","date_gmt":"2019-11-20T14:29:06","guid":{"rendered":"https:\/\/sertv.gob.pa\/crisolfm\/?p=24258"},"modified":"2019-11-20T14:29:06","modified_gmt":"2019-11-20T14:29:06","slug":"festival-internacional-de-la-musica-alfredo-de-saint-malo","status":"publish","type":"post","link":"https:\/\/sertv.gob.pa\/crisolfm\/festival-internacional-de-la-musica-alfredo-de-saint-malo\/","title":{"rendered":"Festival Internacional de la M\u00fasica Alfredo De Saint Malo"},"content":{"rendered":"<p>El p\u00fablico podr\u00e1 asistir a clases maestras y a los conciertos en la d\u00e9cimo cuarta versi\u00f3n del Festival Internacional de la M\u00fasica Alfredo De Saint Malo,\u00a0que se celebrar\u00e1\u00a0del 27 de mayo al 7 junio de 2020.<\/p>\n<p>Este evento, que re\u00fane a m\u00fasicos nacionales e internacionales, se efect\u00faa como un gran intercambio cultural y art\u00edstico que promueve los talentos, estudiantes paname\u00f1os, latinoamericanos y el p\u00fablico en general, el conocimiento y la pasi\u00f3n por la m\u00fasica cl\u00e1sica.<\/p>\n<p>La coordinadora del festival, Anny N\u00fa\u00f1ez, cont\u00f3 que a la actividad asistir\u00e1n maestros, una delegaci\u00f3n de j\u00f3venes destacados de 25 pa\u00edses; entre esos 10 paname\u00f1os. Igualmente celebrar\u00e1n 11 d\u00edas de conciertos en la noche y desde las 9:00 a.m., tendr\u00e1n clases maestras y talleres. Integrar\u00e1n a los artistas nacionales en los diferentes shows.<\/p>\n<p>Cabe resaltar que, como compositor, tendr\u00e1n al uruguayo Miguel del \u00c1guila, quien ha sido nominado a tres Grammy. <strong>\u00a0<\/strong>La Orquesta Sinf\u00f3nica Nacional, la Orquesta Sinf\u00f3nica de la Universidad de Panam\u00e1, Ensemblast, Consort Musik, al grupo folcl\u00f3rico \u00abLos Juglares\u00bb\u00a0y Camerata Panam\u00e1, se destacar\u00e1n en este evento.<\/p>\n<p>&nbsp;<\/p>\n","protected":false},"excerpt":{"rendered":"<p>El p\u00fablico podr\u00e1 asistir a clases maestras y a los <a href=\"https:\/\/sertv.gob.pa\/crisolfm\/festival-internacional-de-la-musica-alfredo-de-saint-malo\/\"> [&#8230;]<\/a><\/p>\n","protected":false},"author":64,"featured_media":24259,"comment_status":"closed","ping_status":"closed","sticky":false,"template":"","format":"standard","meta":{"footnotes":""},"categories":[6],"tags":[],"class_list":["post-24258","post","type-post","status-publish","format-standard","has-post-thumbnail","hentry","category-culturales"],"_links":{"self":[{"href":"https:\/\/sertv.gob.pa\/crisolfm\/wp-json\/wp\/v2\/posts\/24258","targetHints":{"allow":["GET"]}}],"collection":[{"href":"https:\/\/sertv.gob.pa\/crisolfm\/wp-json\/wp\/v2\/posts"}],"about":[{"href":"https:\/\/sertv.gob.pa\/crisolfm\/wp-json\/wp\/v2\/types\/post"}],"author":[{"embeddable":true,"href":"https:\/\/sertv.gob.pa\/crisolfm\/wp-json\/wp\/v2\/users\/64"}],"replies":[{"embeddable":true,"href":"https:\/\/sertv.gob.pa\/crisolfm\/wp-json\/wp\/v2\/comments?post=24258"}],"version-history":[{"count":1,"href":"https:\/\/sertv.gob.pa\/crisolfm\/wp-json\/wp\/v2\/posts\/24258\/revisions"}],"predecessor-version":[{"id":24260,"href":"https:\/\/sertv.gob.pa\/crisolfm\/wp-json\/wp\/v2\/posts\/24258\/revisions\/24260"}],"wp:featuredmedia":[{"embeddable":true,"href":"https:\/\/sertv.gob.pa\/crisolfm\/wp-json\/wp\/v2\/media\/24259"}],"wp:attachment":[{"href":"https:\/\/sertv.gob.pa\/crisolfm\/wp-json\/wp\/v2\/media?parent=24258"}],"wp:term":[{"taxonomy":"category","embeddable":true,"href":"https:\/\/sertv.gob.pa\/crisolfm\/wp-json\/wp\/v2\/categories?post=24258"},{"taxonomy":"post_tag","embeddable":true,"href":"https:\/\/sertv.gob.pa\/crisolfm\/wp-json\/wp\/v2\/tags?post=24258"}],"curies":[{"name":"wp","href":"https:\/\/api.w.org\/{rel}","templated":true}]}}