{"id":24270,"date":"2019-11-20T15:45:19","date_gmt":"2019-11-20T15:45:19","guid":{"rendered":"https:\/\/sertv.gob.pa\/crisolfm\/?p=24270"},"modified":"2019-11-20T15:45:19","modified_gmt":"2019-11-20T15:45:19","slug":"los-precios-para-los-vehiculos-bajos-en-co2-bajaran-en-europa","status":"publish","type":"post","link":"https:\/\/sertv.gob.pa\/crisolfm\/los-precios-para-los-vehiculos-bajos-en-co2-bajaran-en-europa\/","title":{"rendered":"Los precios para los veh\u00edculos bajos en CO2 \u2018bajar\u00e1n\u2019 en Europa"},"content":{"rendered":"<p>El mercado automovil\u00edstico europeo experimentar\u00e1 en 2020 una competencia de precios m\u00e1s \u00abferoz\u00bb para aquellos veh\u00edculos con bajas emisiones de CO2, los el\u00e9ctricos, h\u00edbridos enchufables y compactos.<\/p>\n<p>Adem\u00e1s, el estudio se\u00f1ala que el cambio a los <strong>veh\u00edculos el\u00e9ctricos <\/strong>elevar\u00e1 los precios y que, por tanto, se mermar\u00e1 la demanda. Tambi\u00e9n prev\u00e9 un aumento de los costes de los componentes debido a la electrificaci\u00f3n y a las multas por exceso de emisiones.<\/p>\n<p>Por su parte, los analistas de Nomura creen \u00abdif\u00edcil\u00bb que una recuperaci\u00f3n de la demanda en 2020 se traduzca en mejores m\u00e1rgenes de beneficio para los fabricantes, en vista del aumento de los costes de registro y de fabricaci\u00f3n derivados de la introducci\u00f3n de la nueva normativa medioambiental.<\/p>\n<p>De hecho, los analistas dudan de que se produzca una mejora sustancial de la venta de veh\u00edculos en 2020, debido a que los mercados chinos y de la Asociaci\u00f3n de Naciones del Sudeste Asi\u00e1tico -Taiw\u00e1n, Indonesia, Malasia, Singapur y Filipinas-<strong> est\u00e1n creciendo a un ritmo \u00ablento\u00bb<\/strong> y a la tensi\u00f3n comercial que mantienen Estados Unidos (EE.UU.) y China.<\/p>\n<p>El estudio indica que las matriculaciones de veh\u00edculos en Europa, Jap\u00f3n, India, China y en los pa\u00edses de la Asociaci\u00f3n de Naciones del Sudeste Asi\u00e1tico han sido \u00abmediocres\u00bb entre enero y octubre de este a\u00f1o en comparaci\u00f3n con el mismo periodo de 2018. Subraya que tan solo en EE.UU. se han mantenido estables.<\/p>\n<p>ECOticias<\/p>\n","protected":false},"excerpt":{"rendered":"<p>El mercado automovil\u00edstico europeo experimentar\u00e1 en 2020 una competencia de <a href=\"https:\/\/sertv.gob.pa\/crisolfm\/los-precios-para-los-vehiculos-bajos-en-co2-bajaran-en-europa\/\"> [&#8230;]<\/a><\/p>\n","protected":false},"author":64,"featured_media":24271,"comment_status":"closed","ping_status":"closed","sticky":false,"template":"","format":"standard","meta":{"footnotes":""},"categories":[7],"tags":[],"class_list":["post-24270","post","type-post","status-publish","format-standard","has-post-thumbnail","hentry","category-ecologicas"],"_links":{"self":[{"href":"https:\/\/sertv.gob.pa\/crisolfm\/wp-json\/wp\/v2\/posts\/24270","targetHints":{"allow":["GET"]}}],"collection":[{"href":"https:\/\/sertv.gob.pa\/crisolfm\/wp-json\/wp\/v2\/posts"}],"about":[{"href":"https:\/\/sertv.gob.pa\/crisolfm\/wp-json\/wp\/v2\/types\/post"}],"author":[{"embeddable":true,"href":"https:\/\/sertv.gob.pa\/crisolfm\/wp-json\/wp\/v2\/users\/64"}],"replies":[{"embeddable":true,"href":"https:\/\/sertv.gob.pa\/crisolfm\/wp-json\/wp\/v2\/comments?post=24270"}],"version-history":[{"count":1,"href":"https:\/\/sertv.gob.pa\/crisolfm\/wp-json\/wp\/v2\/posts\/24270\/revisions"}],"predecessor-version":[{"id":24272,"href":"https:\/\/sertv.gob.pa\/crisolfm\/wp-json\/wp\/v2\/posts\/24270\/revisions\/24272"}],"wp:featuredmedia":[{"embeddable":true,"href":"https:\/\/sertv.gob.pa\/crisolfm\/wp-json\/wp\/v2\/media\/24271"}],"wp:attachment":[{"href":"https:\/\/sertv.gob.pa\/crisolfm\/wp-json\/wp\/v2\/media?parent=24270"}],"wp:term":[{"taxonomy":"category","embeddable":true,"href":"https:\/\/sertv.gob.pa\/crisolfm\/wp-json\/wp\/v2\/categories?post=24270"},{"taxonomy":"post_tag","embeddable":true,"href":"https:\/\/sertv.gob.pa\/crisolfm\/wp-json\/wp\/v2\/tags?post=24270"}],"curies":[{"name":"wp","href":"https:\/\/api.w.org\/{rel}","templated":true}]}}