{"id":24288,"date":"2019-11-21T13:33:42","date_gmt":"2019-11-21T13:33:42","guid":{"rendered":"https:\/\/sertv.gob.pa\/crisolfm\/?p=24288"},"modified":"2019-11-21T13:33:42","modified_gmt":"2019-11-21T13:33:42","slug":"la-tormenta-tropical-sebastian-se-intensifica-sin-amenazar-a-tierra","status":"publish","type":"post","link":"https:\/\/sertv.gob.pa\/crisolfm\/la-tormenta-tropical-sebastian-se-intensifica-sin-amenazar-a-tierra\/","title":{"rendered":"La tormenta tropical Sebasti\u00e1n se intensifica sin amenazar a tierra"},"content":{"rendered":"<p>Los vientos de la tormenta tropical Sebasti\u00e1n (Sebastien), que se form\u00f3 este martes en el Atl\u00e1ntico, se fortalecieron en las \u00faltimas horas a 50 millas por hora (85 km\/h) y pueden todav\u00eda cobrar m\u00e1s fuerza, aunque no son una amenaza para tierra, seg\u00fan el Centro Nacional de Huracanes (NHC) de EE.UU.<\/p>\n<p>La tormenta se mueve hacia el noroeste a cerca de 8 millas por hora (13 km\/h) y se espera que gire al norte m\u00e1s tarde, para luego virar al noreste con un aumento en la velocidad de traslaci\u00f3n. Sebasti\u00e1n se espera que sea un cicl\u00f3n extratropical en los pr\u00f3ximos d\u00edas y que a fines de semana sea absorbido por un frente fr\u00edo.<\/p>\n<p>EFE<\/p>\n<p>&nbsp;<\/p>\n","protected":false},"excerpt":{"rendered":"<p>Los vientos de la tormenta tropical Sebasti\u00e1n (Sebastien), que se <a href=\"https:\/\/sertv.gob.pa\/crisolfm\/la-tormenta-tropical-sebastian-se-intensifica-sin-amenazar-a-tierra\/\"> [&#8230;]<\/a><\/p>\n","protected":false},"author":64,"featured_media":24289,"comment_status":"closed","ping_status":"closed","sticky":false,"template":"","format":"standard","meta":{"footnotes":""},"categories":[7],"tags":[],"class_list":["post-24288","post","type-post","status-publish","format-standard","has-post-thumbnail","hentry","category-ecologicas"],"_links":{"self":[{"href":"https:\/\/sertv.gob.pa\/crisolfm\/wp-json\/wp\/v2\/posts\/24288","targetHints":{"allow":["GET"]}}],"collection":[{"href":"https:\/\/sertv.gob.pa\/crisolfm\/wp-json\/wp\/v2\/posts"}],"about":[{"href":"https:\/\/sertv.gob.pa\/crisolfm\/wp-json\/wp\/v2\/types\/post"}],"author":[{"embeddable":true,"href":"https:\/\/sertv.gob.pa\/crisolfm\/wp-json\/wp\/v2\/users\/64"}],"replies":[{"embeddable":true,"href":"https:\/\/sertv.gob.pa\/crisolfm\/wp-json\/wp\/v2\/comments?post=24288"}],"version-history":[{"count":1,"href":"https:\/\/sertv.gob.pa\/crisolfm\/wp-json\/wp\/v2\/posts\/24288\/revisions"}],"predecessor-version":[{"id":24290,"href":"https:\/\/sertv.gob.pa\/crisolfm\/wp-json\/wp\/v2\/posts\/24288\/revisions\/24290"}],"wp:featuredmedia":[{"embeddable":true,"href":"https:\/\/sertv.gob.pa\/crisolfm\/wp-json\/wp\/v2\/media\/24289"}],"wp:attachment":[{"href":"https:\/\/sertv.gob.pa\/crisolfm\/wp-json\/wp\/v2\/media?parent=24288"}],"wp:term":[{"taxonomy":"category","embeddable":true,"href":"https:\/\/sertv.gob.pa\/crisolfm\/wp-json\/wp\/v2\/categories?post=24288"},{"taxonomy":"post_tag","embeddable":true,"href":"https:\/\/sertv.gob.pa\/crisolfm\/wp-json\/wp\/v2\/tags?post=24288"}],"curies":[{"name":"wp","href":"https:\/\/api.w.org\/{rel}","templated":true}]}}