{"id":24300,"date":"2019-11-21T14:18:03","date_gmt":"2019-11-21T14:18:03","guid":{"rendered":"https:\/\/sertv.gob.pa\/crisolfm\/?p=24300"},"modified":"2019-11-21T14:18:03","modified_gmt":"2019-11-21T14:18:03","slug":"ricardo-y-chino-darin-abriran-el-renovado-festival-de-cine-de-la-habana","status":"publish","type":"post","link":"https:\/\/sertv.gob.pa\/crisolfm\/ricardo-y-chino-darin-abriran-el-renovado-festival-de-cine-de-la-habana\/","title":{"rendered":"Ricardo y Chino Dar\u00edn abrir\u00e1n el renovado Festival de Cine de La Habana"},"content":{"rendered":"<p>Los actores argentinos Ricardo y Chino Dar\u00edn abrir\u00e1n la edici\u00f3n 41 del Festival Internacional de Cine de La Habana, renovado ahora con un nuevo formato que incluye menos cintas y dedicado al centenario del documentalista cubano Santiago \u00c1lvarez, anunciaron este mi\u00e9rcoles sus organizadores.<\/p>\n<p>El dueto actoral de padre e hijo viajar\u00e1 a la capital cubana para presentar su primer filme juntos, \u00abLa odisea de los giles\u00bb, un gran \u00e9xito de taquilla ambientado en el \u00abcorralito financiero\u00bb de la d\u00e9cada de 1990 en Argentina.<\/p>\n<p>La pel\u00edcula de Sebasti\u00e1n Borensztein inaugurar\u00e1 el evento -que se celebrar\u00e1 del 5 al 15 de diciembre pr\u00f3ximo- en el que adem\u00e1s competir\u00e1 por el premio Coral al Mejor Largometraje de Ficci\u00f3n. La ceremonia de apertura tambi\u00e9n tendr\u00e1 \u00abel privilegio de contar por primera vez en los 41 a\u00f1os del Festival con el Ballet Nacional de Cuba\u00bb, adelant\u00f3 a la prensa el director de la cita, Ivan Giroud, quien destac\u00f3 que la ocasi\u00f3n servir\u00e1 para rendir tributo a la legendaria bailarina Alicia Alonso, fallecida el mes pasado.<\/p>\n<p>Considerado uno de los m\u00e1s prestigiosos cert\u00e1menes de la regi\u00f3n, el Festival Internacional del Nuevo Cine Latinoamericano mostrar\u00e1 en esta edici\u00f3n 300 obras, unas 70 menos que el a\u00f1o anterior, en un esfuerzo por reducir su enorme programa para privilegiar la calidad sobre la cantidad.<\/p>\n<p>EFE<\/p>\n","protected":false},"excerpt":{"rendered":"<p>Los actores argentinos Ricardo y Chino Dar\u00edn abrir\u00e1n la edici\u00f3n <a href=\"https:\/\/sertv.gob.pa\/crisolfm\/ricardo-y-chino-darin-abriran-el-renovado-festival-de-cine-de-la-habana\/\"> [&#8230;]<\/a><\/p>\n","protected":false},"author":64,"featured_media":24301,"comment_status":"closed","ping_status":"closed","sticky":false,"template":"","format":"standard","meta":{"footnotes":""},"categories":[6],"tags":[],"class_list":["post-24300","post","type-post","status-publish","format-standard","has-post-thumbnail","hentry","category-culturales"],"_links":{"self":[{"href":"https:\/\/sertv.gob.pa\/crisolfm\/wp-json\/wp\/v2\/posts\/24300","targetHints":{"allow":["GET"]}}],"collection":[{"href":"https:\/\/sertv.gob.pa\/crisolfm\/wp-json\/wp\/v2\/posts"}],"about":[{"href":"https:\/\/sertv.gob.pa\/crisolfm\/wp-json\/wp\/v2\/types\/post"}],"author":[{"embeddable":true,"href":"https:\/\/sertv.gob.pa\/crisolfm\/wp-json\/wp\/v2\/users\/64"}],"replies":[{"embeddable":true,"href":"https:\/\/sertv.gob.pa\/crisolfm\/wp-json\/wp\/v2\/comments?post=24300"}],"version-history":[{"count":1,"href":"https:\/\/sertv.gob.pa\/crisolfm\/wp-json\/wp\/v2\/posts\/24300\/revisions"}],"predecessor-version":[{"id":24302,"href":"https:\/\/sertv.gob.pa\/crisolfm\/wp-json\/wp\/v2\/posts\/24300\/revisions\/24302"}],"wp:featuredmedia":[{"embeddable":true,"href":"https:\/\/sertv.gob.pa\/crisolfm\/wp-json\/wp\/v2\/media\/24301"}],"wp:attachment":[{"href":"https:\/\/sertv.gob.pa\/crisolfm\/wp-json\/wp\/v2\/media?parent=24300"}],"wp:term":[{"taxonomy":"category","embeddable":true,"href":"https:\/\/sertv.gob.pa\/crisolfm\/wp-json\/wp\/v2\/categories?post=24300"},{"taxonomy":"post_tag","embeddable":true,"href":"https:\/\/sertv.gob.pa\/crisolfm\/wp-json\/wp\/v2\/tags?post=24300"}],"curies":[{"name":"wp","href":"https:\/\/api.w.org\/{rel}","templated":true}]}}