{"id":24303,"date":"2019-11-21T14:24:00","date_gmt":"2019-11-21T14:24:00","guid":{"rendered":"https:\/\/sertv.gob.pa\/crisolfm\/?p=24303"},"modified":"2019-11-21T14:24:00","modified_gmt":"2019-11-21T14:24:00","slug":"neblina-en-la-ciudad-de-panama-un-fenomeno-de-la-epoca","status":"publish","type":"post","link":"https:\/\/sertv.gob.pa\/crisolfm\/neblina-en-la-ciudad-de-panama-un-fenomeno-de-la-epoca\/","title":{"rendered":"Neblina en la ciudad de Panam\u00e1, un fen\u00f3meno de la \u00e9poca"},"content":{"rendered":"<p>Durante la ma\u00f1ana de ayer, la ciudad capital amaneci\u00f3 cubierta de una densa neblina, la cual fue captada en fotos por curiosos y compartidas en las redes.<\/p>\n<p>Roberto Mart\u00ednez, de Hidrometeorolog\u00eda de ETESA, manifest\u00f3 que este evento ocurre todos los a\u00f1os finalizando noviembre, hasta mediados de diciembre. Explic\u00f3 que la neblina son gotitas de agua peque\u00f1as, mejor conocidas como hidrometeoro.<\/p>\n<p>\u201cSon nubes muy bajas que est\u00e1n cercanas a la tierra. En la ma\u00f1ana comienza a calentar la superficie y se evapora la humedad, quedando la atm\u00f3sfera saturada y permaneciendo gotitas diminutas en suspensi\u00f3n, las cuales van desapareciendo con las horas\u201d, explic\u00f3 Mart\u00ednez. Agreg\u00f3 que,\u00a0por lo general, este tipo de acontecimientos sucede cuando llueve por las tardes y el clima queda h\u00famedo, hasta el d\u00eda siguiente.<\/p>\n<p>&nbsp;<\/p>\n","protected":false},"excerpt":{"rendered":"<p>Durante la ma\u00f1ana de ayer, la ciudad capital amaneci\u00f3 cubierta <a href=\"https:\/\/sertv.gob.pa\/crisolfm\/neblina-en-la-ciudad-de-panama-un-fenomeno-de-la-epoca\/\"> [&#8230;]<\/a><\/p>\n","protected":false},"author":64,"featured_media":24304,"comment_status":"closed","ping_status":"closed","sticky":false,"template":"","format":"standard","meta":{"footnotes":""},"categories":[7],"tags":[],"class_list":["post-24303","post","type-post","status-publish","format-standard","has-post-thumbnail","hentry","category-ecologicas"],"_links":{"self":[{"href":"https:\/\/sertv.gob.pa\/crisolfm\/wp-json\/wp\/v2\/posts\/24303","targetHints":{"allow":["GET"]}}],"collection":[{"href":"https:\/\/sertv.gob.pa\/crisolfm\/wp-json\/wp\/v2\/posts"}],"about":[{"href":"https:\/\/sertv.gob.pa\/crisolfm\/wp-json\/wp\/v2\/types\/post"}],"author":[{"embeddable":true,"href":"https:\/\/sertv.gob.pa\/crisolfm\/wp-json\/wp\/v2\/users\/64"}],"replies":[{"embeddable":true,"href":"https:\/\/sertv.gob.pa\/crisolfm\/wp-json\/wp\/v2\/comments?post=24303"}],"version-history":[{"count":1,"href":"https:\/\/sertv.gob.pa\/crisolfm\/wp-json\/wp\/v2\/posts\/24303\/revisions"}],"predecessor-version":[{"id":24305,"href":"https:\/\/sertv.gob.pa\/crisolfm\/wp-json\/wp\/v2\/posts\/24303\/revisions\/24305"}],"wp:featuredmedia":[{"embeddable":true,"href":"https:\/\/sertv.gob.pa\/crisolfm\/wp-json\/wp\/v2\/media\/24304"}],"wp:attachment":[{"href":"https:\/\/sertv.gob.pa\/crisolfm\/wp-json\/wp\/v2\/media?parent=24303"}],"wp:term":[{"taxonomy":"category","embeddable":true,"href":"https:\/\/sertv.gob.pa\/crisolfm\/wp-json\/wp\/v2\/categories?post=24303"},{"taxonomy":"post_tag","embeddable":true,"href":"https:\/\/sertv.gob.pa\/crisolfm\/wp-json\/wp\/v2\/tags?post=24303"}],"curies":[{"name":"wp","href":"https:\/\/api.w.org\/{rel}","templated":true}]}}