{"id":24306,"date":"2019-11-21T14:32:35","date_gmt":"2019-11-21T14:32:35","guid":{"rendered":"https:\/\/sertv.gob.pa\/crisolfm\/?p=24306"},"modified":"2019-11-21T14:32:35","modified_gmt":"2019-11-21T14:32:35","slug":"en-el-centenario-de-la-carcel-de-coiba-presentan-el-libro-baico","status":"publish","type":"post","link":"https:\/\/sertv.gob.pa\/crisolfm\/en-el-centenario-de-la-carcel-de-coiba-presentan-el-libro-baico\/","title":{"rendered":"En el centenario de la c\u00e1rcel de Coiba, presentan el libro \u201cBaico\u00bb"},"content":{"rendered":"<p>Por el centenario del antiguo centro penitenciario de Coiba, que se conmemor\u00f3 este mi\u00e9rcoles 20 de noviembre, fue presentado el libro \u201cBaico, Coiba por dentro\u00bb, que tiene como autor a Narciso Bastidas, \u201capodado Mali- Mali\u00a0por la poblaci\u00f3n penal que a finales de la d\u00e9cada del 80\u2019 cumpl\u00eda condena en la isla, al igual que \u00e9l creador de esta obra literaria.<\/p>\n<p>Luego de 10 a\u00f1os retrotrayendo sus experiencias en el penal\u00a0en una m\u00e1quina de escribir de segundo uso que le obsequi\u00f3 su hermana Felicidad Bastidas, Narciso, de 56 a\u00f1os, comparti\u00f3 sus vivencias de m\u00e1s de 11 a\u00f1os en la c\u00e1rcel que en otrora acog\u00eda a los peores delincuentes del pa\u00eds. Los lectores podr\u00e1n apreciar algunas fotograf\u00edas in\u00e9ditas de la c\u00e1rcel\u00a0en sus primeros a\u00f1os, el campamento central, el muelle cerca de la playa, el faro, la belleza natural que\u00a0adornaba la isla, entre otras, seg\u00fan la Autoridad de Turismo, el cual apoy\u00f3 la obra.<\/p>\n<p>Mali- Mali (autor del libro), oriundo de la comunidad de Sasardi Mulatu, Guna Yala, destac\u00f3 que su libro se enfoca, en gran parte, en c\u00f3mo fue su convivencia en la isla junto al resto de la poblaci\u00f3n penal, la relaci\u00f3n o trato con las unidades de la zona de tiburones de Coiba, conformada por unos 300 militares responsables de custodiar y mantener el orden\u00a0 en el c\u00e1rcel, sus intentos fallidos de fuga, la masacre de Coiba de 1998, en c\u00f3mo se enamor\u00f3 de la isla que lo priv\u00f3 de su libertad y el impact\u00f3 que ocasion\u00f3 en el sitio la invasi\u00f3n estadounidense del 20 de diciembre de 1989.<\/p>\n<p>\u201cBaico\u201d la palabra Coiba a la inversa, de acuerdo a Narciso no est\u00e1 escrita para\u00a0 enjuiciar sino para dejar plasmado parte de lo que ha sido nuestra historia como Rep\u00fablica, que los j\u00f3venes se interesen en saber m\u00e1s de la Patria y c\u00f3mo logr\u00f3 conocer como la palma de su mano cada rinc\u00f3n de las m\u00e1s de 50 mil hect\u00e1reas, que forman\u00a0 hoy\u00a0 el Parque Nacional Coiba, declarado Patrimonio Natural de la Humanidad por la Organizaci\u00f3n de las Naciones Unidas para la Educaci\u00f3n, la Ciencia y la Cultura (Unesco) en 2005.<\/p>\n<p>&nbsp;<\/p>\n","protected":false},"excerpt":{"rendered":"<p>Por el centenario del antiguo centro penitenciario de Coiba, que <a href=\"https:\/\/sertv.gob.pa\/crisolfm\/en-el-centenario-de-la-carcel-de-coiba-presentan-el-libro-baico\/\"> [&#8230;]<\/a><\/p>\n","protected":false},"author":64,"featured_media":24308,"comment_status":"closed","ping_status":"closed","sticky":false,"template":"","format":"standard","meta":{"footnotes":""},"categories":[6],"tags":[],"class_list":["post-24306","post","type-post","status-publish","format-standard","has-post-thumbnail","hentry","category-culturales"],"_links":{"self":[{"href":"https:\/\/sertv.gob.pa\/crisolfm\/wp-json\/wp\/v2\/posts\/24306","targetHints":{"allow":["GET"]}}],"collection":[{"href":"https:\/\/sertv.gob.pa\/crisolfm\/wp-json\/wp\/v2\/posts"}],"about":[{"href":"https:\/\/sertv.gob.pa\/crisolfm\/wp-json\/wp\/v2\/types\/post"}],"author":[{"embeddable":true,"href":"https:\/\/sertv.gob.pa\/crisolfm\/wp-json\/wp\/v2\/users\/64"}],"replies":[{"embeddable":true,"href":"https:\/\/sertv.gob.pa\/crisolfm\/wp-json\/wp\/v2\/comments?post=24306"}],"version-history":[{"count":1,"href":"https:\/\/sertv.gob.pa\/crisolfm\/wp-json\/wp\/v2\/posts\/24306\/revisions"}],"predecessor-version":[{"id":24309,"href":"https:\/\/sertv.gob.pa\/crisolfm\/wp-json\/wp\/v2\/posts\/24306\/revisions\/24309"}],"wp:featuredmedia":[{"embeddable":true,"href":"https:\/\/sertv.gob.pa\/crisolfm\/wp-json\/wp\/v2\/media\/24308"}],"wp:attachment":[{"href":"https:\/\/sertv.gob.pa\/crisolfm\/wp-json\/wp\/v2\/media?parent=24306"}],"wp:term":[{"taxonomy":"category","embeddable":true,"href":"https:\/\/sertv.gob.pa\/crisolfm\/wp-json\/wp\/v2\/categories?post=24306"},{"taxonomy":"post_tag","embeddable":true,"href":"https:\/\/sertv.gob.pa\/crisolfm\/wp-json\/wp\/v2\/tags?post=24306"}],"curies":[{"name":"wp","href":"https:\/\/api.w.org\/{rel}","templated":true}]}}