{"id":24310,"date":"2019-11-21T14:39:43","date_gmt":"2019-11-21T14:39:43","guid":{"rendered":"https:\/\/sertv.gob.pa\/crisolfm\/?p=24310"},"modified":"2019-11-21T14:39:43","modified_gmt":"2019-11-21T14:39:43","slug":"programan-un-reencuentro-de-polleras-en-la-cinta-costera","status":"publish","type":"post","link":"https:\/\/sertv.gob.pa\/crisolfm\/programan-un-reencuentro-de-polleras-en-la-cinta-costera\/","title":{"rendered":"Programan un reencuentro de polleras en la Cinta Costera"},"content":{"rendered":"<p>Con el prop\u00f3sito de promover eventos que resalten las manifestaciones folcl\u00f3ricas del pa\u00eds y convertir la ciudad en una plataforma para fortalecer la cultura, la Alcald\u00eda de Panam\u00e1 aclar\u00f3 que tiene programado un Reencuentro de Polleras para el pr\u00f3ximo 26 de enero de 2020, en la Cinta Costera.<\/p>\n<p>En un comunicado, el Municipio explic\u00f3\u00a0que la intenci\u00f3n de esta actividad no es reemplazar el desfile que se desarrolla en Las Tablas, sino presentar en la ciudad las manifestaciones culturales del pa\u00eds y aprovechar la posici\u00f3n privilegiada que tiene Panam\u00e1 como foco del turismo internacional y convertirla en una vitrina que permita exhibir la pollera paname\u00f1a, considerada el traje t\u00edpico m\u00e1s hermoso del mundo.<\/p>\n<p>El Municipio de Panam\u00e1 pretende continuar con la efervescencia, motivaci\u00f3n y amor a los elementos culturales del pa\u00eds, despertados por el Desfile de las Mil Polleras en Las Tablas, sin \u00e1nimos de competir y mucho menos restar importancia a tan magno acontecimiento cultural.<\/p>\n<p>&nbsp;<\/p>\n","protected":false},"excerpt":{"rendered":"<p>Con el prop\u00f3sito de promover eventos que resalten las manifestaciones <a href=\"https:\/\/sertv.gob.pa\/crisolfm\/programan-un-reencuentro-de-polleras-en-la-cinta-costera\/\"> [&#8230;]<\/a><\/p>\n","protected":false},"author":64,"featured_media":24311,"comment_status":"closed","ping_status":"closed","sticky":false,"template":"","format":"standard","meta":{"footnotes":""},"categories":[6],"tags":[],"class_list":["post-24310","post","type-post","status-publish","format-standard","has-post-thumbnail","hentry","category-culturales"],"_links":{"self":[{"href":"https:\/\/sertv.gob.pa\/crisolfm\/wp-json\/wp\/v2\/posts\/24310","targetHints":{"allow":["GET"]}}],"collection":[{"href":"https:\/\/sertv.gob.pa\/crisolfm\/wp-json\/wp\/v2\/posts"}],"about":[{"href":"https:\/\/sertv.gob.pa\/crisolfm\/wp-json\/wp\/v2\/types\/post"}],"author":[{"embeddable":true,"href":"https:\/\/sertv.gob.pa\/crisolfm\/wp-json\/wp\/v2\/users\/64"}],"replies":[{"embeddable":true,"href":"https:\/\/sertv.gob.pa\/crisolfm\/wp-json\/wp\/v2\/comments?post=24310"}],"version-history":[{"count":1,"href":"https:\/\/sertv.gob.pa\/crisolfm\/wp-json\/wp\/v2\/posts\/24310\/revisions"}],"predecessor-version":[{"id":24312,"href":"https:\/\/sertv.gob.pa\/crisolfm\/wp-json\/wp\/v2\/posts\/24310\/revisions\/24312"}],"wp:featuredmedia":[{"embeddable":true,"href":"https:\/\/sertv.gob.pa\/crisolfm\/wp-json\/wp\/v2\/media\/24311"}],"wp:attachment":[{"href":"https:\/\/sertv.gob.pa\/crisolfm\/wp-json\/wp\/v2\/media?parent=24310"}],"wp:term":[{"taxonomy":"category","embeddable":true,"href":"https:\/\/sertv.gob.pa\/crisolfm\/wp-json\/wp\/v2\/categories?post=24310"},{"taxonomy":"post_tag","embeddable":true,"href":"https:\/\/sertv.gob.pa\/crisolfm\/wp-json\/wp\/v2\/tags?post=24310"}],"curies":[{"name":"wp","href":"https:\/\/api.w.org\/{rel}","templated":true}]}}