{"id":24331,"date":"2019-11-22T13:38:44","date_gmt":"2019-11-22T13:38:44","guid":{"rendered":"https:\/\/sertv.gob.pa\/crisolfm\/?p=24331"},"modified":"2019-11-22T13:38:44","modified_gmt":"2019-11-22T13:38:44","slug":"ecuador-recupera-536-objetos-arqueologicos-repatriados-desde-alemania","status":"publish","type":"post","link":"https:\/\/sertv.gob.pa\/crisolfm\/ecuador-recupera-536-objetos-arqueologicos-repatriados-desde-alemania\/","title":{"rendered":"Ecuador recupera 536 objetos arqueol\u00f3gicos repatriados desde Alemania"},"content":{"rendered":"<p>La Comisi\u00f3n Nacional de Lucha contra el Tr\u00e1fico Il\u00edcito de Bienes Culturales de Ecuador present\u00f3 hoy 536 bienes culturales patrimoniales que fueron recuperados y repatriados desde Alemania, inform\u00f3 la ministra de Cultura y Patrimonio encargada, Ana Mar\u00eda Armijos.<\/p>\n<p>En el lote de piezas arqueol\u00f3gicas, que son exhibidas en el Centro de Investigaci\u00f3n de la Memoria y el Patrimonio Cultural del pa\u00eds, se encuentran estatuillas antropomorfas y zoomorfas atribuidas a las culturas Jama Coaque, Bah\u00eda, Mante\u00f1a, Guangala, Valdivia, Tolita y Chorrera.<\/p>\n<p>Las piezas retornaron al pa\u00eds el pasado 9 de octubre, despu\u00e9s de que en 2015 el ciudadano alem\u00e1n Josef Rettinger contactara a la Embajada de Ecuador en Alemania tras heredar una colecci\u00f3n de objetos culturales con caracter\u00edsticas arqueol\u00f3gicas de antiguas culturas asentandas en el actual Ecuador, detall\u00f3 Armijos.<\/p>\n<p>Xinhua Servicios<\/p>\n","protected":false},"excerpt":{"rendered":"<p>La Comisi\u00f3n Nacional de Lucha contra el Tr\u00e1fico Il\u00edcito de <a href=\"https:\/\/sertv.gob.pa\/crisolfm\/ecuador-recupera-536-objetos-arqueologicos-repatriados-desde-alemania\/\"> [&#8230;]<\/a><\/p>\n","protected":false},"author":64,"featured_media":24332,"comment_status":"closed","ping_status":"closed","sticky":false,"template":"","format":"standard","meta":{"footnotes":""},"categories":[6],"tags":[],"class_list":["post-24331","post","type-post","status-publish","format-standard","has-post-thumbnail","hentry","category-culturales"],"_links":{"self":[{"href":"https:\/\/sertv.gob.pa\/crisolfm\/wp-json\/wp\/v2\/posts\/24331","targetHints":{"allow":["GET"]}}],"collection":[{"href":"https:\/\/sertv.gob.pa\/crisolfm\/wp-json\/wp\/v2\/posts"}],"about":[{"href":"https:\/\/sertv.gob.pa\/crisolfm\/wp-json\/wp\/v2\/types\/post"}],"author":[{"embeddable":true,"href":"https:\/\/sertv.gob.pa\/crisolfm\/wp-json\/wp\/v2\/users\/64"}],"replies":[{"embeddable":true,"href":"https:\/\/sertv.gob.pa\/crisolfm\/wp-json\/wp\/v2\/comments?post=24331"}],"version-history":[{"count":1,"href":"https:\/\/sertv.gob.pa\/crisolfm\/wp-json\/wp\/v2\/posts\/24331\/revisions"}],"predecessor-version":[{"id":24333,"href":"https:\/\/sertv.gob.pa\/crisolfm\/wp-json\/wp\/v2\/posts\/24331\/revisions\/24333"}],"wp:featuredmedia":[{"embeddable":true,"href":"https:\/\/sertv.gob.pa\/crisolfm\/wp-json\/wp\/v2\/media\/24332"}],"wp:attachment":[{"href":"https:\/\/sertv.gob.pa\/crisolfm\/wp-json\/wp\/v2\/media?parent=24331"}],"wp:term":[{"taxonomy":"category","embeddable":true,"href":"https:\/\/sertv.gob.pa\/crisolfm\/wp-json\/wp\/v2\/categories?post=24331"},{"taxonomy":"post_tag","embeddable":true,"href":"https:\/\/sertv.gob.pa\/crisolfm\/wp-json\/wp\/v2\/tags?post=24331"}],"curies":[{"name":"wp","href":"https:\/\/api.w.org\/{rel}","templated":true}]}}