{"id":24357,"date":"2019-11-22T15:15:52","date_gmt":"2019-11-22T15:15:52","guid":{"rendered":"https:\/\/sertv.gob.pa\/crisolfm\/?p=24357"},"modified":"2019-11-22T15:15:52","modified_gmt":"2019-11-22T15:15:52","slug":"tres-cuartas-partes-de-espana-estan-en-peligro-de-desertificacion","status":"publish","type":"post","link":"https:\/\/sertv.gob.pa\/crisolfm\/tres-cuartas-partes-de-espana-estan-en-peligro-de-desertificacion\/","title":{"rendered":"Tres cuartas partes de Espa\u00f1a est\u00e1n en peligro de \u2018desertificaci\u00f3n\u2019"},"content":{"rendered":"<p>El cambio clim\u00e1tico, y las modificaciones en los <strong>ciclos h\u00eddricos<\/strong>, est\u00e1 generando un impacto directo en la sequ\u00eda. Ya existen m\u00e1s de 30 pa\u00edses con sequ\u00eda extrema y seguir\u00e1n creciendo si no se convierte en una cuesti\u00f3n de primer orden.<\/p>\n<p>En Espa\u00f1a, aproximadamente 32 millones de personas ya se han visto afectadas por el cambio clim\u00e1tico. Entre 2004 y 2016, 446 personas murieron por exposici\u00f3n al calor excesivo.<\/p>\n<p>Acabamos el a\u00f1o hidrol\u00f3gico con el\u00a0agua embalsada a menos del 45%.\u00a0 El verano actual abarca pr\u00e1cticamente 5 semanas m\u00e1s que a comienzos de los a\u00f1os 80, seg\u00fan los datos de la AEMET (Agencia Estatal de Meteorolog\u00eda). Y esto lo est\u00e1 notando seriamente el campo. La ganader\u00eda, junto con la vid, almendrales, frutales, olivos y cereales han sido las producciones m\u00e1s afectadas.<\/p>\n<p>El sector calcula ya unas <strong>p\u00e9rdidas cercanas a los 400 millones <\/strong>de euros por la sequ\u00eda, el pedrisco y otras circunstancias clim\u00e1ticas.<\/p>\n<p>Por eso, en puertas de la celebraci\u00f3n de la COP25 en nuestro pa\u00eds, el pr\u00f3ximo mes, Greenpeace ha celebrado hoy un encuentro con expertos para poner de nuevo este tema sobre la mesa y alertar de su gravedad.<\/p>\n<p>&nbsp;<\/p>\n<p>ECOticias<\/p>\n","protected":false},"excerpt":{"rendered":"<p>El cambio clim\u00e1tico, y las modificaciones en los ciclos h\u00eddricos, <a href=\"https:\/\/sertv.gob.pa\/crisolfm\/tres-cuartas-partes-de-espana-estan-en-peligro-de-desertificacion\/\"> [&#8230;]<\/a><\/p>\n","protected":false},"author":64,"featured_media":24358,"comment_status":"closed","ping_status":"closed","sticky":false,"template":"","format":"standard","meta":{"footnotes":""},"categories":[7],"tags":[],"class_list":["post-24357","post","type-post","status-publish","format-standard","has-post-thumbnail","hentry","category-ecologicas"],"_links":{"self":[{"href":"https:\/\/sertv.gob.pa\/crisolfm\/wp-json\/wp\/v2\/posts\/24357","targetHints":{"allow":["GET"]}}],"collection":[{"href":"https:\/\/sertv.gob.pa\/crisolfm\/wp-json\/wp\/v2\/posts"}],"about":[{"href":"https:\/\/sertv.gob.pa\/crisolfm\/wp-json\/wp\/v2\/types\/post"}],"author":[{"embeddable":true,"href":"https:\/\/sertv.gob.pa\/crisolfm\/wp-json\/wp\/v2\/users\/64"}],"replies":[{"embeddable":true,"href":"https:\/\/sertv.gob.pa\/crisolfm\/wp-json\/wp\/v2\/comments?post=24357"}],"version-history":[{"count":1,"href":"https:\/\/sertv.gob.pa\/crisolfm\/wp-json\/wp\/v2\/posts\/24357\/revisions"}],"predecessor-version":[{"id":24359,"href":"https:\/\/sertv.gob.pa\/crisolfm\/wp-json\/wp\/v2\/posts\/24357\/revisions\/24359"}],"wp:featuredmedia":[{"embeddable":true,"href":"https:\/\/sertv.gob.pa\/crisolfm\/wp-json\/wp\/v2\/media\/24358"}],"wp:attachment":[{"href":"https:\/\/sertv.gob.pa\/crisolfm\/wp-json\/wp\/v2\/media?parent=24357"}],"wp:term":[{"taxonomy":"category","embeddable":true,"href":"https:\/\/sertv.gob.pa\/crisolfm\/wp-json\/wp\/v2\/categories?post=24357"},{"taxonomy":"post_tag","embeddable":true,"href":"https:\/\/sertv.gob.pa\/crisolfm\/wp-json\/wp\/v2\/tags?post=24357"}],"curies":[{"name":"wp","href":"https:\/\/api.w.org\/{rel}","templated":true}]}}