{"id":24375,"date":"2019-11-25T14:04:50","date_gmt":"2019-11-25T14:04:50","guid":{"rendered":"https:\/\/sertv.gob.pa\/crisolfm\/?p=24375"},"modified":"2019-11-25T14:04:50","modified_gmt":"2019-11-25T14:04:50","slug":"decenas-de-bueyes-y-carretas-llenan-de-color-costa-rica-para-celebrar-su-dia","status":"publish","type":"post","link":"https:\/\/sertv.gob.pa\/crisolfm\/decenas-de-bueyes-y-carretas-llenan-de-color-costa-rica-para-celebrar-su-dia\/","title":{"rendered":"Decenas de bueyes y carretas llenan de color Costa Rica para celebrar su d\u00eda"},"content":{"rendered":"<p>Unas 280 yuntas de bueyes con sus respectivas carretas llenaron de color este domingo la capital de Costa Rica con un desfile que busca mantener viva en la poblaci\u00f3n esta actividad que fue declarada por la Unesco como patrimonio intangible de la humanidad desde el a\u00f1o 2005.<\/p>\n<p>Desde ni\u00f1os hasta gente de avanzada edad lucieron sus mejores galas para mostrar sus bueyes y carretas en el desfile que se efect\u00faa por vig\u00e9simo tercer a\u00f1o consecutivo con el objetivo de rescatar la tradici\u00f3n y de paso abrir la temporada de actividades culturales de navidad y fin de a\u00f1o.<\/p>\n<p>La ministra de Cultura y Juventud, Sylvie Dur\u00e1n, dijo a EFE que la tradici\u00f3n del boyeo (uso de los bueyes para trabajo) y la carreta est\u00e1 muy arraigada en el desarrollo del pa\u00eds, especialmente porque fue la forma en que fueron creciendo las actividades agr\u00edcolas, entre ellas la industria cafetalera y las primeras exportaciones del grano hace casi dos siglos.<\/p>\n<p>\u00abEsta tradici\u00f3n es muy importante porque est\u00e1 en el fundamento de c\u00f3mo se construy\u00f3 nuestra sociedad cuando \u00e9ramos m\u00e1s rurales. Este fue nuestro primer medio de transporte. Es una manifestaci\u00f3n bella. El boyeo y la carreta permiti\u00f3 distribuir el ingreso cafetalero y forma parte muy importante de la forma en que esta sociedad se ha podido desarrollar\u00bb, asegur\u00f3 Dur\u00e1n.<\/p>\n<p>EFE<\/p>\n","protected":false},"excerpt":{"rendered":"<p>Unas 280 yuntas de bueyes con sus respectivas carretas llenaron <a href=\"https:\/\/sertv.gob.pa\/crisolfm\/decenas-de-bueyes-y-carretas-llenan-de-color-costa-rica-para-celebrar-su-dia\/\"> [&#8230;]<\/a><\/p>\n","protected":false},"author":64,"featured_media":24376,"comment_status":"closed","ping_status":"closed","sticky":false,"template":"","format":"standard","meta":{"footnotes":""},"categories":[6],"tags":[],"class_list":["post-24375","post","type-post","status-publish","format-standard","has-post-thumbnail","hentry","category-culturales"],"_links":{"self":[{"href":"https:\/\/sertv.gob.pa\/crisolfm\/wp-json\/wp\/v2\/posts\/24375","targetHints":{"allow":["GET"]}}],"collection":[{"href":"https:\/\/sertv.gob.pa\/crisolfm\/wp-json\/wp\/v2\/posts"}],"about":[{"href":"https:\/\/sertv.gob.pa\/crisolfm\/wp-json\/wp\/v2\/types\/post"}],"author":[{"embeddable":true,"href":"https:\/\/sertv.gob.pa\/crisolfm\/wp-json\/wp\/v2\/users\/64"}],"replies":[{"embeddable":true,"href":"https:\/\/sertv.gob.pa\/crisolfm\/wp-json\/wp\/v2\/comments?post=24375"}],"version-history":[{"count":1,"href":"https:\/\/sertv.gob.pa\/crisolfm\/wp-json\/wp\/v2\/posts\/24375\/revisions"}],"predecessor-version":[{"id":24377,"href":"https:\/\/sertv.gob.pa\/crisolfm\/wp-json\/wp\/v2\/posts\/24375\/revisions\/24377"}],"wp:featuredmedia":[{"embeddable":true,"href":"https:\/\/sertv.gob.pa\/crisolfm\/wp-json\/wp\/v2\/media\/24376"}],"wp:attachment":[{"href":"https:\/\/sertv.gob.pa\/crisolfm\/wp-json\/wp\/v2\/media?parent=24375"}],"wp:term":[{"taxonomy":"category","embeddable":true,"href":"https:\/\/sertv.gob.pa\/crisolfm\/wp-json\/wp\/v2\/categories?post=24375"},{"taxonomy":"post_tag","embeddable":true,"href":"https:\/\/sertv.gob.pa\/crisolfm\/wp-json\/wp\/v2\/tags?post=24375"}],"curies":[{"name":"wp","href":"https:\/\/api.w.org\/{rel}","templated":true}]}}