{"id":24385,"date":"2019-11-25T14:33:32","date_gmt":"2019-11-25T14:33:32","guid":{"rendered":"https:\/\/sertv.gob.pa\/crisolfm\/?p=24385"},"modified":"2019-11-25T14:33:32","modified_gmt":"2019-11-25T14:33:32","slug":"huracanes-cada-vez-mas-catastroficos","status":"publish","type":"post","link":"https:\/\/sertv.gob.pa\/crisolfm\/huracanes-cada-vez-mas-catastroficos\/","title":{"rendered":"Huracanes cada vez m\u00e1s catastr\u00f3ficos"},"content":{"rendered":"<p>Los\u00a0huracanes devastadores en el Atl\u00e1ntico, de momento, son una\u00a0<em>rara avis<\/em>. Solo el 7 % de los 243 colosos de este tipo observados desde que comenzaron las mediciones por sat\u00e9lite en 1983 <strong>han alcanzado la categor\u00eda 5,<\/strong> la m\u00e1s catastr\u00f3fica de la\u00a0escala de Saffir-Simpson. Lo recuerda el meteor\u00f3logo Jeff Masters\u00a0en un art\u00edculo\u00a0publicado en\u00a0<em>Scientific American<\/em>.<\/p>\n<p>El <strong>hurac\u00e1n\u00a0Dorian\u00a0<\/strong>es uno de ellos. Con vientos que alcanzaron los 295 kil\u00f3metros por hora, caus\u00f3 gran devastaci\u00f3n en las Bahamas, en concreto en las islas \u00c1baco y Gran Bahama el pasado mes de septiembre. Aunque sus valores encajan dentro de la categor\u00eda 5 \u2013que abarca huracanes con vientos, como m\u00ednimo, de 252 km\/h\u2013, su virulencia ha provocado que expertos como Masters y\u00a0otros meteor\u00f3logos\u00a0pidan que se revise la clasificaci\u00f3n y se ampl\u00ede. La decisi\u00f3n corresponder\u00eda al\u00a0Centro Nacional de Huracanes, con sede en Miami (EEUU), cuyos expertos,\u00a0<em>a priori<\/em>, no consideran que sea necesario a\u00f1adir un nuevo nivel.<\/p>\n<p>\u201cLa categor\u00eda 5 en la escala de Saffir-Simpson ya incluye<strong> \u201cda\u00f1o catastr\u00f3fico\u201d del viento<\/strong>, por lo que no est\u00e1 claro que sea necesaria otra categor\u00eda, incluso aunque las tormentas se hicieran m\u00e1s fuertes\u201d, explica Dennis Feltgen, meteor\u00f3logo y responsable de Comunicaci\u00f3n del organismo.<\/p>\n<p>Lo primero que hay que tener en cuenta cuando hablamos de un hurac\u00e1n es que nos estamos refiriendo a un\u00a0cicl\u00f3n tropical\u00a0cuyos vientos superan los 117 km\/h y que se genera y desarrolla en el oc\u00e9ano Atl\u00e1ntico o en el Pac\u00edfico oriental. En el\u00a0Pac\u00edfico occidental\u00a0los huracanes se llaman\u00a0tifones. Por debajo de esas velocidades est\u00e1n las\u00a0tormentas y depresiones tropicales.<\/p>\n<p>Para clasificar los huracanes seg\u00fan la velocidad del viento contamos con la\u00a0escala de Saffir-Simpson, dise\u00f1ada por el ingeniero Herbert Saffir y por el director del Centro Nacional de Huracanes, Robert Simpson, en 1969. Pero esta escala se limita a medir el\u00a0da\u00f1o potencial del viento. Para cuantificar otros impactos asociados a estos eventos extremos, como marejadas cicl\u00f3nicas, lluvias o tornados, se emplean otras herramientas.<\/p>\n<p>\u201cLa mayor\u00eda de las muertes en los<strong> ciclones tropicales<\/strong> no son fruto del viento, sino del agua \u2013por marejadas cicl\u00f3nicas, lluvias, inundaciones y olas peligrosas\u2013, que causa el 90 % de las muertes por estos ciclones en Estados Unidos\u201d, afirma Feltgen.<\/p>\n<p>ECOticias<\/p>\n","protected":false},"excerpt":{"rendered":"<p>Los\u00a0huracanes devastadores en el Atl\u00e1ntico, de momento, son una\u00a0rara avis. <a href=\"https:\/\/sertv.gob.pa\/crisolfm\/huracanes-cada-vez-mas-catastroficos\/\"> [&#8230;]<\/a><\/p>\n","protected":false},"author":64,"featured_media":24386,"comment_status":"closed","ping_status":"closed","sticky":false,"template":"","format":"standard","meta":{"footnotes":""},"categories":[7],"tags":[],"class_list":["post-24385","post","type-post","status-publish","format-standard","has-post-thumbnail","hentry","category-ecologicas"],"_links":{"self":[{"href":"https:\/\/sertv.gob.pa\/crisolfm\/wp-json\/wp\/v2\/posts\/24385","targetHints":{"allow":["GET"]}}],"collection":[{"href":"https:\/\/sertv.gob.pa\/crisolfm\/wp-json\/wp\/v2\/posts"}],"about":[{"href":"https:\/\/sertv.gob.pa\/crisolfm\/wp-json\/wp\/v2\/types\/post"}],"author":[{"embeddable":true,"href":"https:\/\/sertv.gob.pa\/crisolfm\/wp-json\/wp\/v2\/users\/64"}],"replies":[{"embeddable":true,"href":"https:\/\/sertv.gob.pa\/crisolfm\/wp-json\/wp\/v2\/comments?post=24385"}],"version-history":[{"count":1,"href":"https:\/\/sertv.gob.pa\/crisolfm\/wp-json\/wp\/v2\/posts\/24385\/revisions"}],"predecessor-version":[{"id":24387,"href":"https:\/\/sertv.gob.pa\/crisolfm\/wp-json\/wp\/v2\/posts\/24385\/revisions\/24387"}],"wp:featuredmedia":[{"embeddable":true,"href":"https:\/\/sertv.gob.pa\/crisolfm\/wp-json\/wp\/v2\/media\/24386"}],"wp:attachment":[{"href":"https:\/\/sertv.gob.pa\/crisolfm\/wp-json\/wp\/v2\/media?parent=24385"}],"wp:term":[{"taxonomy":"category","embeddable":true,"href":"https:\/\/sertv.gob.pa\/crisolfm\/wp-json\/wp\/v2\/categories?post=24385"},{"taxonomy":"post_tag","embeddable":true,"href":"https:\/\/sertv.gob.pa\/crisolfm\/wp-json\/wp\/v2\/tags?post=24385"}],"curies":[{"name":"wp","href":"https:\/\/api.w.org\/{rel}","templated":true}]}}