{"id":24388,"date":"2019-11-25T14:37:38","date_gmt":"2019-11-25T14:37:38","guid":{"rendered":"https:\/\/sertv.gob.pa\/crisolfm\/?p=24388"},"modified":"2019-11-25T14:37:38","modified_gmt":"2019-11-25T14:37:38","slug":"la-ciudad-se-prepara-para-la-cop25-con-madrid-green-capital","status":"publish","type":"post","link":"https:\/\/sertv.gob.pa\/crisolfm\/la-ciudad-se-prepara-para-la-cop25-con-madrid-green-capital\/","title":{"rendered":"La ciudad se prepara para la COP25 con \u2018Madrid Green Capital\u2019"},"content":{"rendered":"<p>Madrid est\u00e1 lista para acoger la Cumbre del Clima (COP 25) que se desarrollar\u00e1 <strong>desde el 2 hasta el 13 de diciembre<\/strong> en IFEMA y, como pr\u00f3logo a este gran evento internacional, el Ayuntamiento ha preparado un programa que re\u00fane m\u00e1s de un centenar de actividades y acciones repartidas por toda la ciudad para concienciar a los madrile\u00f1os y visitantes de la importancia de cuidar nuestro medioambiente.<\/p>\n<p><strong>Madrid Green Capital<\/strong>, como se va a rebautizar la ciudad desde el 24 de noviembre hasta el 13 de diciembre, d\u00eda en que finaliza la COP 25, se ha inaugurado este domingo en los Jardines de Cecilio Rodr\u00edguez con el descubrimiento, por parte del alcalde Jos\u00e9 Luis Mart\u00ednez-Almeida, y de la vicealcaldesa, Bego\u00f1a Villac\u00eds, de un letrero vegetal gigante donde se pueden leer estas tres palabras. Este r\u00f3tulo, revestido con hojas ca\u00eddas de la campa\u00f1a de recogida de la hoja, ir\u00e1 cambiando de ubicaci\u00f3n por sorpresa durante los pr\u00f3ximos 18 d\u00edas.<\/p>\n<p>La COP25 ser\u00e1 una gran oportunidad para la ciudad de cara a presentar internacionalmente la nueva Estrategia de Sostenibilidad Ambiental Madrid 360, la herramienta con la que Madrid pretende cumplir definitivamente con los l\u00edmites que marca Europa en materia de emisiones contaminantes.<\/p>\n<p>ECOticias<\/p>\n<p>&nbsp;<\/p>\n<p>&nbsp;<\/p>\n<p>&nbsp;<\/p>\n<p>&nbsp;<\/p>\n","protected":false},"excerpt":{"rendered":"<p>Madrid est\u00e1 lista para acoger la Cumbre del Clima (COP <a href=\"https:\/\/sertv.gob.pa\/crisolfm\/la-ciudad-se-prepara-para-la-cop25-con-madrid-green-capital\/\"> [&#8230;]<\/a><\/p>\n","protected":false},"author":64,"featured_media":24389,"comment_status":"closed","ping_status":"closed","sticky":false,"template":"","format":"standard","meta":{"footnotes":""},"categories":[7],"tags":[],"class_list":["post-24388","post","type-post","status-publish","format-standard","has-post-thumbnail","hentry","category-ecologicas"],"_links":{"self":[{"href":"https:\/\/sertv.gob.pa\/crisolfm\/wp-json\/wp\/v2\/posts\/24388","targetHints":{"allow":["GET"]}}],"collection":[{"href":"https:\/\/sertv.gob.pa\/crisolfm\/wp-json\/wp\/v2\/posts"}],"about":[{"href":"https:\/\/sertv.gob.pa\/crisolfm\/wp-json\/wp\/v2\/types\/post"}],"author":[{"embeddable":true,"href":"https:\/\/sertv.gob.pa\/crisolfm\/wp-json\/wp\/v2\/users\/64"}],"replies":[{"embeddable":true,"href":"https:\/\/sertv.gob.pa\/crisolfm\/wp-json\/wp\/v2\/comments?post=24388"}],"version-history":[{"count":1,"href":"https:\/\/sertv.gob.pa\/crisolfm\/wp-json\/wp\/v2\/posts\/24388\/revisions"}],"predecessor-version":[{"id":24390,"href":"https:\/\/sertv.gob.pa\/crisolfm\/wp-json\/wp\/v2\/posts\/24388\/revisions\/24390"}],"wp:featuredmedia":[{"embeddable":true,"href":"https:\/\/sertv.gob.pa\/crisolfm\/wp-json\/wp\/v2\/media\/24389"}],"wp:attachment":[{"href":"https:\/\/sertv.gob.pa\/crisolfm\/wp-json\/wp\/v2\/media?parent=24388"}],"wp:term":[{"taxonomy":"category","embeddable":true,"href":"https:\/\/sertv.gob.pa\/crisolfm\/wp-json\/wp\/v2\/categories?post=24388"},{"taxonomy":"post_tag","embeddable":true,"href":"https:\/\/sertv.gob.pa\/crisolfm\/wp-json\/wp\/v2\/tags?post=24388"}],"curies":[{"name":"wp","href":"https:\/\/api.w.org\/{rel}","templated":true}]}}