{"id":24410,"date":"2019-11-26T14:20:39","date_gmt":"2019-11-26T14:20:39","guid":{"rendered":"https:\/\/sertv.gob.pa\/crisolfm\/?p=24410"},"modified":"2019-11-26T14:20:39","modified_gmt":"2019-11-26T14:20:39","slug":"la-feria-de-libro-de-miami-cierra-su-edicion-36-con-una-excelente-afluencia","status":"publish","type":"post","link":"https:\/\/sertv.gob.pa\/crisolfm\/la-feria-de-libro-de-miami-cierra-su-edicion-36-con-una-excelente-afluencia\/","title":{"rendered":"La Feria de Libro de Miami cierra su edici\u00f3n 36 con una \u00abexcelente\u00bb afluencia"},"content":{"rendered":"<p>La 36 Feria de Libro de Miami lleg\u00f3 este domingo a su t\u00e9rmino registrando una \u00abexcelente afluencia de p\u00fablico\u00bb que deja a sus organizadores muy satisfechos, seg\u00fan dijeron a la Agencia EFE miembros del equipo directivo.<\/p>\n<p>La cita literaria, reconocida como la m\u00e1s importante de su tipo en Estados Unidos, empez\u00f3 con coloquios ofrecidos por la estadounidense Samantha Power y la nicarag\u00fcense Gioconda Belli, y tras un programa de actividades diversas en torno a los libros, culmin\u00f3 este domingo con una charla a cargo del espa\u00f1ol Arturo P\u00e9rez-Reverte.<\/p>\n<p>\u00abNo solo se ha interesado la gente por autores consagrados como Arturo P\u00e9rez Reverte o Gioconda Belli, sino que hemos tra\u00eddo a Miami escritores de la nueva generaci\u00f3n como Pedro Mairal, Rodrigo Blanco Calder\u00f3n o Socorro Venegas\u00bb, declar\u00f3 a Efe este domingo Mariela Gal, directora del Programa de Autores Iberoamericanos de la feria. A estos nombres, \u00abque han ingresado con mucha fuerza en el mundo editorial iberoamericano\u00bb, como dijo Gal, se han sumado a lo largo de estos d\u00edas otros autores como la espa\u00f1ola Julia Navarro y los argentinos Patricio Pron, Pedro Mairal, Hern\u00e1n Vera \u00c1lvarez y Guillermo Mart\u00ednez.<\/p>\n<p>Entre los m\u00e1s de 80 autores de Latinoam\u00e9rica y Espa\u00f1a invitados a esta edici\u00f3n figuraron tambi\u00e9n la venezolana Jacqueline Goldberg, la cubana Wendy Guerra, los cubano-estadounidenses Enrique del Risco y Da\u00edna Chaviano, los mexicanos Juan Villoro y Antonio Ortu\u00f1o, el chileno Jos\u00e9 Ignacio Valenzuela y el peruano Ra\u00fal Tola.<\/p>\n<p>&nbsp;<\/p>\n","protected":false},"excerpt":{"rendered":"<p>La 36 Feria de Libro de Miami lleg\u00f3 este domingo <a href=\"https:\/\/sertv.gob.pa\/crisolfm\/la-feria-de-libro-de-miami-cierra-su-edicion-36-con-una-excelente-afluencia\/\"> [&#8230;]<\/a><\/p>\n","protected":false},"author":64,"featured_media":24411,"comment_status":"closed","ping_status":"closed","sticky":false,"template":"","format":"standard","meta":{"footnotes":""},"categories":[6],"tags":[],"class_list":["post-24410","post","type-post","status-publish","format-standard","has-post-thumbnail","hentry","category-culturales"],"_links":{"self":[{"href":"https:\/\/sertv.gob.pa\/crisolfm\/wp-json\/wp\/v2\/posts\/24410","targetHints":{"allow":["GET"]}}],"collection":[{"href":"https:\/\/sertv.gob.pa\/crisolfm\/wp-json\/wp\/v2\/posts"}],"about":[{"href":"https:\/\/sertv.gob.pa\/crisolfm\/wp-json\/wp\/v2\/types\/post"}],"author":[{"embeddable":true,"href":"https:\/\/sertv.gob.pa\/crisolfm\/wp-json\/wp\/v2\/users\/64"}],"replies":[{"embeddable":true,"href":"https:\/\/sertv.gob.pa\/crisolfm\/wp-json\/wp\/v2\/comments?post=24410"}],"version-history":[{"count":1,"href":"https:\/\/sertv.gob.pa\/crisolfm\/wp-json\/wp\/v2\/posts\/24410\/revisions"}],"predecessor-version":[{"id":24412,"href":"https:\/\/sertv.gob.pa\/crisolfm\/wp-json\/wp\/v2\/posts\/24410\/revisions\/24412"}],"wp:featuredmedia":[{"embeddable":true,"href":"https:\/\/sertv.gob.pa\/crisolfm\/wp-json\/wp\/v2\/media\/24411"}],"wp:attachment":[{"href":"https:\/\/sertv.gob.pa\/crisolfm\/wp-json\/wp\/v2\/media?parent=24410"}],"wp:term":[{"taxonomy":"category","embeddable":true,"href":"https:\/\/sertv.gob.pa\/crisolfm\/wp-json\/wp\/v2\/categories?post=24410"},{"taxonomy":"post_tag","embeddable":true,"href":"https:\/\/sertv.gob.pa\/crisolfm\/wp-json\/wp\/v2\/tags?post=24410"}],"curies":[{"name":"wp","href":"https:\/\/api.w.org\/{rel}","templated":true}]}}