{"id":24419,"date":"2019-11-26T14:44:11","date_gmt":"2019-11-26T14:44:11","guid":{"rendered":"https:\/\/sertv.gob.pa\/crisolfm\/?p=24419"},"modified":"2019-11-26T14:44:11","modified_gmt":"2019-11-26T14:44:11","slug":"las-humedades-amenazan-los-frescos-renacentistas-de-la-catedral-de-valencia","status":"publish","type":"post","link":"https:\/\/sertv.gob.pa\/crisolfm\/las-humedades-amenazan-los-frescos-renacentistas-de-la-catedral-de-valencia\/","title":{"rendered":"Las humedades amenazan los frescos renacentistas de la Catedral de Valencia"},"content":{"rendered":"<p>Nueva <a href=\"https:\/\/www.abc.es\/espana\/comunidad-valenciana\/abci-catedral-valencia-alerta-riesgo-colapso-fachada-renacentista-termitas-201905131757_noticia.html\" target=\"_blank\" rel=\"noopener\">controversia relacionada con el estado de conservaci\u00f3n <\/a>de la Catedral de Valencia. En esta ocasi\u00f3n, la directora del Instituto Valenciano de Restauraci\u00f3n y Conservaci\u00f3n (Ivacor), <strong>Gemma Contreras<\/strong>, ha informado este martes, en relaci\u00f3n a los frescos renacentistas de la Seo de la capital del Turia, que se podr\u00edan salvar con un tratamiento que elimina las sales de dentro del mortero y salen con la humedad, pero que es un proceso lento.<\/p>\n<p>La directora general de Cultura y Patrimonio de la Generalitat, <strong>Carmen Amoraga<\/strong>, se ha reunido con el cabildo de la Catedral para adoptar medidas ante la aparici\u00f3n de humedades en las pinturas renacentistas (de la segunda mitad del siglo XV, obra de<strong> Francesco Pagano y Paolo de San Leocadio<\/strong>) de los \u00e1ngeles m\u00fasicos de la b\u00f3veda del altar mayor, y que est\u00e1n deteriorando la ilustraci\u00f3n.<\/p>\n<p>Desde el <strong>Arzobispado<\/strong> han a\u00f1adido que este mi\u00e9rcoles se iniciar\u00e1 una serie de estudios sobre las afecciones en esos frescos, con un an\u00e1lisis fotogr\u00e1fico de termograf\u00eda, medici\u00f3n de la humedad y comprobaci\u00f3n de la estructura y ventilaci\u00f3n. Los <strong>estudios ser\u00e1n llevados a cabo por la Catedral <\/strong>en colaboraci\u00f3n con el Ivacor.<\/p>\n<p>ABC Cultura<\/p>\n","protected":false},"excerpt":{"rendered":"<p>Nueva controversia relacionada con el estado de conservaci\u00f3n de la <a href=\"https:\/\/sertv.gob.pa\/crisolfm\/las-humedades-amenazan-los-frescos-renacentistas-de-la-catedral-de-valencia\/\"> [&#8230;]<\/a><\/p>\n","protected":false},"author":64,"featured_media":24420,"comment_status":"closed","ping_status":"closed","sticky":false,"template":"","format":"standard","meta":{"footnotes":""},"categories":[6],"tags":[],"class_list":["post-24419","post","type-post","status-publish","format-standard","has-post-thumbnail","hentry","category-culturales"],"_links":{"self":[{"href":"https:\/\/sertv.gob.pa\/crisolfm\/wp-json\/wp\/v2\/posts\/24419","targetHints":{"allow":["GET"]}}],"collection":[{"href":"https:\/\/sertv.gob.pa\/crisolfm\/wp-json\/wp\/v2\/posts"}],"about":[{"href":"https:\/\/sertv.gob.pa\/crisolfm\/wp-json\/wp\/v2\/types\/post"}],"author":[{"embeddable":true,"href":"https:\/\/sertv.gob.pa\/crisolfm\/wp-json\/wp\/v2\/users\/64"}],"replies":[{"embeddable":true,"href":"https:\/\/sertv.gob.pa\/crisolfm\/wp-json\/wp\/v2\/comments?post=24419"}],"version-history":[{"count":1,"href":"https:\/\/sertv.gob.pa\/crisolfm\/wp-json\/wp\/v2\/posts\/24419\/revisions"}],"predecessor-version":[{"id":24421,"href":"https:\/\/sertv.gob.pa\/crisolfm\/wp-json\/wp\/v2\/posts\/24419\/revisions\/24421"}],"wp:featuredmedia":[{"embeddable":true,"href":"https:\/\/sertv.gob.pa\/crisolfm\/wp-json\/wp\/v2\/media\/24420"}],"wp:attachment":[{"href":"https:\/\/sertv.gob.pa\/crisolfm\/wp-json\/wp\/v2\/media?parent=24419"}],"wp:term":[{"taxonomy":"category","embeddable":true,"href":"https:\/\/sertv.gob.pa\/crisolfm\/wp-json\/wp\/v2\/categories?post=24419"},{"taxonomy":"post_tag","embeddable":true,"href":"https:\/\/sertv.gob.pa\/crisolfm\/wp-json\/wp\/v2\/tags?post=24419"}],"curies":[{"name":"wp","href":"https:\/\/api.w.org\/{rel}","templated":true}]}}