{"id":24447,"date":"2019-11-27T13:38:45","date_gmt":"2019-11-27T13:38:45","guid":{"rendered":"https:\/\/sertv.gob.pa\/crisolfm\/?p=24447"},"modified":"2019-11-27T13:38:45","modified_gmt":"2019-11-27T13:38:45","slug":"el-mundo-debe-reducir-las-emisiones-7-6-anual-en-proxima-decada-para-lograr-objetivo-de-1-5oc","status":"publish","type":"post","link":"https:\/\/sertv.gob.pa\/crisolfm\/el-mundo-debe-reducir-las-emisiones-7-6-anual-en-proxima-decada-para-lograr-objetivo-de-1-5oc\/","title":{"rendered":"El mundo debe reducir las emisiones 7.6% anual en pr\u00f3xima d\u00e9cada para lograr objetivo de 1.5\u00baC"},"content":{"rendered":"<p>Las emisiones globales de gases de efecto invernadero deben reducirse 7.6% cada a\u00f1o entre 2020 y 2030 para que el mundo logre frenar el calentamiento global en 1.5 \u00b0C este siglo, advierte un nuevo informe del Programa de las Naciones Unidas para el Medio Ambiente (UNEP) lanzado en Ginebra en el d\u00eda de ayer.<\/p>\n<p>El emblem\u00e1tico Informe sobre la Brecha de Emisiones indica que incluso si se implementan todos los compromisos no condicionados del Acuerdo de Par\u00eds, las temperaturas aumentar\u00e1n 3.2 \u00b0C a fines de siglo, lo que provocar\u00e1 impactos clim\u00e1ticos destructivos y de amplio alcance. Para evitar este escenario y lograr el objetivo de 1.5 \u00b0C, los compromisos de reducci\u00f3n de emisiones deben quintuplicarse.<\/p>\n<p>La d\u00e9cima edici\u00f3n del informe de UNEP alimentar\u00e1 el debate de la 25\u00aa Conferencia de las Partes de la Convenci\u00f3n Marco de Naciones Unidas sobre el Cambio Clim\u00e1tico (COP25), que tendr\u00e1 lugar desde el 2 de diciembre en Madrid, Espa\u00f1a. En el a\u00f1o 2020, en la COP26 de Glasgow, Reino Unido, se espera que las naciones fortalezcan la ambici\u00f3n de sus compromisos clim\u00e1ticos.<\/p>\n<p>&nbsp;<\/p>\n","protected":false},"excerpt":{"rendered":"<p>Las emisiones globales de gases de efecto invernadero deben reducirse <a href=\"https:\/\/sertv.gob.pa\/crisolfm\/el-mundo-debe-reducir-las-emisiones-7-6-anual-en-proxima-decada-para-lograr-objetivo-de-1-5oc\/\"> [&#8230;]<\/a><\/p>\n","protected":false},"author":64,"featured_media":24448,"comment_status":"closed","ping_status":"closed","sticky":false,"template":"","format":"standard","meta":{"footnotes":""},"categories":[7],"tags":[],"class_list":["post-24447","post","type-post","status-publish","format-standard","has-post-thumbnail","hentry","category-ecologicas"],"_links":{"self":[{"href":"https:\/\/sertv.gob.pa\/crisolfm\/wp-json\/wp\/v2\/posts\/24447","targetHints":{"allow":["GET"]}}],"collection":[{"href":"https:\/\/sertv.gob.pa\/crisolfm\/wp-json\/wp\/v2\/posts"}],"about":[{"href":"https:\/\/sertv.gob.pa\/crisolfm\/wp-json\/wp\/v2\/types\/post"}],"author":[{"embeddable":true,"href":"https:\/\/sertv.gob.pa\/crisolfm\/wp-json\/wp\/v2\/users\/64"}],"replies":[{"embeddable":true,"href":"https:\/\/sertv.gob.pa\/crisolfm\/wp-json\/wp\/v2\/comments?post=24447"}],"version-history":[{"count":1,"href":"https:\/\/sertv.gob.pa\/crisolfm\/wp-json\/wp\/v2\/posts\/24447\/revisions"}],"predecessor-version":[{"id":24449,"href":"https:\/\/sertv.gob.pa\/crisolfm\/wp-json\/wp\/v2\/posts\/24447\/revisions\/24449"}],"wp:featuredmedia":[{"embeddable":true,"href":"https:\/\/sertv.gob.pa\/crisolfm\/wp-json\/wp\/v2\/media\/24448"}],"wp:attachment":[{"href":"https:\/\/sertv.gob.pa\/crisolfm\/wp-json\/wp\/v2\/media?parent=24447"}],"wp:term":[{"taxonomy":"category","embeddable":true,"href":"https:\/\/sertv.gob.pa\/crisolfm\/wp-json\/wp\/v2\/categories?post=24447"},{"taxonomy":"post_tag","embeddable":true,"href":"https:\/\/sertv.gob.pa\/crisolfm\/wp-json\/wp\/v2\/tags?post=24447"}],"curies":[{"name":"wp","href":"https:\/\/api.w.org\/{rel}","templated":true}]}}