{"id":24450,"date":"2019-11-27T13:51:00","date_gmt":"2019-11-27T13:51:00","guid":{"rendered":"https:\/\/sertv.gob.pa\/crisolfm\/?p=24450"},"modified":"2019-11-27T13:51:00","modified_gmt":"2019-11-27T13:51:00","slug":"dia-de-la-independencia-de-panama-de-espana-este-28-de-noviembre","status":"publish","type":"post","link":"https:\/\/sertv.gob.pa\/crisolfm\/dia-de-la-independencia-de-panama-de-espana-este-28-de-noviembre\/","title":{"rendered":"D\u00eda de la Independencia de Panam\u00e1 de Espa\u00f1a este 28 de noviembre"},"content":{"rendered":"<p>Al ritmo del bombo y la lira festejar\u00e1n en todo el pa\u00eds la independencia de Panam\u00e1 de Espa\u00f1a, siendo Chiriqu\u00ed, La Chorrera y San Miguelito, en Panam\u00e1, los sitios favoritos para apreciar los desfiles.<\/p>\n<p>En Panam\u00e1 Oeste, las calles ser\u00e1n recorridas desde muy temprano por m\u00e1s de 60 bandas musicales, en honor a la fecha, se\u00f1al\u00f3 Tom\u00e1s Vel\u00e1squez, alcalde de la localidad. \u201cSer\u00e1 una celebraci\u00f3n vistosa para exaltar la historia detr\u00e1s de nuestra soberan\u00eda\u201d, agreg\u00f3 Vel\u00e1squez.\u00a0 Igualmente, se\u00f1al\u00f3 que, por la tarde, cerca de 27 bandas independientes se desplegar\u00e1n a lo largo de la ruta.<\/p>\n<p>Por otra parte, en Boquete, Chiriqu\u00ed, el pueblo se prepara para recibir a bandas de todo el pa\u00eds, en una jornada de paname\u00f1idad. \u201cTendremos cerca de 80 bandas escolares y 22 independientes, que interpretar\u00e1n temas musicales por las avenidas\u201d, detall\u00f3 Juanita Pitt\u00ed, de la junta de festejos local.<\/p>\n<p>En la ciudad capital en el distrito de San Miguelito celebrar\u00e1n por lo alto la independencia, para conservar el significado de este acontecimiento, explic\u00f3 Hilda Box, del municipio sanmiguele\u00f1o.\u00a0\u201cBuscamos que los que no puedan ir a otros puntos se queden en San Miguelito y aprecien nuestra fiesta patria\u201d, manifest\u00f3 la funcionaria.<\/p>\n<p>&nbsp;<\/p>\n","protected":false},"excerpt":{"rendered":"<p>Al ritmo del bombo y la lira festejar\u00e1n en todo <a href=\"https:\/\/sertv.gob.pa\/crisolfm\/dia-de-la-independencia-de-panama-de-espana-este-28-de-noviembre\/\"> [&#8230;]<\/a><\/p>\n","protected":false},"author":64,"featured_media":24451,"comment_status":"closed","ping_status":"closed","sticky":false,"template":"","format":"standard","meta":{"footnotes":""},"categories":[6],"tags":[],"class_list":["post-24450","post","type-post","status-publish","format-standard","has-post-thumbnail","hentry","category-culturales"],"_links":{"self":[{"href":"https:\/\/sertv.gob.pa\/crisolfm\/wp-json\/wp\/v2\/posts\/24450","targetHints":{"allow":["GET"]}}],"collection":[{"href":"https:\/\/sertv.gob.pa\/crisolfm\/wp-json\/wp\/v2\/posts"}],"about":[{"href":"https:\/\/sertv.gob.pa\/crisolfm\/wp-json\/wp\/v2\/types\/post"}],"author":[{"embeddable":true,"href":"https:\/\/sertv.gob.pa\/crisolfm\/wp-json\/wp\/v2\/users\/64"}],"replies":[{"embeddable":true,"href":"https:\/\/sertv.gob.pa\/crisolfm\/wp-json\/wp\/v2\/comments?post=24450"}],"version-history":[{"count":1,"href":"https:\/\/sertv.gob.pa\/crisolfm\/wp-json\/wp\/v2\/posts\/24450\/revisions"}],"predecessor-version":[{"id":24452,"href":"https:\/\/sertv.gob.pa\/crisolfm\/wp-json\/wp\/v2\/posts\/24450\/revisions\/24452"}],"wp:featuredmedia":[{"embeddable":true,"href":"https:\/\/sertv.gob.pa\/crisolfm\/wp-json\/wp\/v2\/media\/24451"}],"wp:attachment":[{"href":"https:\/\/sertv.gob.pa\/crisolfm\/wp-json\/wp\/v2\/media?parent=24450"}],"wp:term":[{"taxonomy":"category","embeddable":true,"href":"https:\/\/sertv.gob.pa\/crisolfm\/wp-json\/wp\/v2\/categories?post=24450"},{"taxonomy":"post_tag","embeddable":true,"href":"https:\/\/sertv.gob.pa\/crisolfm\/wp-json\/wp\/v2\/tags?post=24450"}],"curies":[{"name":"wp","href":"https:\/\/api.w.org\/{rel}","templated":true}]}}