{"id":24459,"date":"2019-11-27T14:35:04","date_gmt":"2019-11-27T14:35:04","guid":{"rendered":"https:\/\/sertv.gob.pa\/crisolfm\/?p=24459"},"modified":"2019-11-27T14:35:04","modified_gmt":"2019-11-27T14:35:04","slug":"correos-lanza-protest-stamps-una-coleccion-de-sellos-contra-el-cambio-climatico","status":"publish","type":"post","link":"https:\/\/sertv.gob.pa\/crisolfm\/correos-lanza-protest-stamps-una-coleccion-de-sellos-contra-el-cambio-climatico\/","title":{"rendered":"Correos lanza Protest Stamps, una colecci\u00f3n de sellos contra el cambio clim\u00e1tico"},"content":{"rendered":"<p>Con <a href=\"https:\/\/elpais.com\/tag\/cumbre_del_clima\/a\" target=\"_blank\" rel=\"noopener\">motivo de la cumbre del clima<\/a>, conocida como COP25, que se celebrar\u00e1 entre\u00a0el 2 y 13 de diciembre en Madrid, Correos ha lanzado una colecci\u00f3n de sellos ilustrados con mensajes de sensibilizaci\u00f3n\u00a0por la lucha contra el cambio clim\u00e1tico.\u00a0La serie, a la que ha llamado Protest Stamps (sellos reivindicativos, en su traducci\u00f3n del ingl\u00e9s), incluye diez ilustraciones con mensajes plasmados en pancartas de algunas de las protestas que han protagonizado miles de j\u00f3venes en todo el mundo para concienciar del calentamiento global.<\/p>\n<p>Protest Stamps se podr\u00e1 obtener a trav\u00e9s de Tu Sello, el servicio de Correos\u00a0que permite la impresi\u00f3n de sellos autoadhesivos personalizados con plena validez para el franqueo de env\u00edos. Se podr\u00e1n solicitar tanto en la p\u00e1gina web como en la oficina postal de la sede central, ubicada cerca de <a href=\"https:\/\/www.ifema.es\/\" target=\"_blank\" rel=\"noopener\">Ifema,<\/a> en Madrid, donde se celebrar\u00e1 la cumbre.<\/p>\n<p>Adem\u00e1s, Correos llevar\u00e1 a cabo un concurso a trav\u00e9s de su cuenta de Instagram, donde los usuarios podr\u00e1n proponer sus propios dise\u00f1os a partir de las 10 de la ma\u00f1ana de este mi\u00e9rcoles 27 de noviembre, hasta el d\u00eda siguiente a las 19.00. De todos los dise\u00f1os compartidos en\u00a0#ProtestStamps se escoger\u00e1 un ganador, que ser\u00e1 puesto en circulaci\u00f3n a principios de 2020<strong>.<\/strong><\/p>\n<p>Los mensajes de Protest Stamps tambi\u00e9n ser\u00e1n plasmados en forma de postal con env\u00edo prepagado.\u00a0Los beneficios obtenidos por su compra ir\u00e1n destinados al mantenimiento de su proyecto sostenible, la L\u00ednea Bosques de Correos.<\/p>\n<p>&nbsp;<\/p>\n<p>El Pa\u00eds<\/p>\n","protected":false},"excerpt":{"rendered":"<p>Con motivo de la cumbre del clima, conocida como COP25, <a href=\"https:\/\/sertv.gob.pa\/crisolfm\/correos-lanza-protest-stamps-una-coleccion-de-sellos-contra-el-cambio-climatico\/\"> [&#8230;]<\/a><\/p>\n","protected":false},"author":64,"featured_media":24460,"comment_status":"closed","ping_status":"closed","sticky":false,"template":"","format":"standard","meta":{"footnotes":""},"categories":[7],"tags":[],"class_list":["post-24459","post","type-post","status-publish","format-standard","has-post-thumbnail","hentry","category-ecologicas"],"_links":{"self":[{"href":"https:\/\/sertv.gob.pa\/crisolfm\/wp-json\/wp\/v2\/posts\/24459","targetHints":{"allow":["GET"]}}],"collection":[{"href":"https:\/\/sertv.gob.pa\/crisolfm\/wp-json\/wp\/v2\/posts"}],"about":[{"href":"https:\/\/sertv.gob.pa\/crisolfm\/wp-json\/wp\/v2\/types\/post"}],"author":[{"embeddable":true,"href":"https:\/\/sertv.gob.pa\/crisolfm\/wp-json\/wp\/v2\/users\/64"}],"replies":[{"embeddable":true,"href":"https:\/\/sertv.gob.pa\/crisolfm\/wp-json\/wp\/v2\/comments?post=24459"}],"version-history":[{"count":1,"href":"https:\/\/sertv.gob.pa\/crisolfm\/wp-json\/wp\/v2\/posts\/24459\/revisions"}],"predecessor-version":[{"id":24461,"href":"https:\/\/sertv.gob.pa\/crisolfm\/wp-json\/wp\/v2\/posts\/24459\/revisions\/24461"}],"wp:featuredmedia":[{"embeddable":true,"href":"https:\/\/sertv.gob.pa\/crisolfm\/wp-json\/wp\/v2\/media\/24460"}],"wp:attachment":[{"href":"https:\/\/sertv.gob.pa\/crisolfm\/wp-json\/wp\/v2\/media?parent=24459"}],"wp:term":[{"taxonomy":"category","embeddable":true,"href":"https:\/\/sertv.gob.pa\/crisolfm\/wp-json\/wp\/v2\/categories?post=24459"},{"taxonomy":"post_tag","embeddable":true,"href":"https:\/\/sertv.gob.pa\/crisolfm\/wp-json\/wp\/v2\/tags?post=24459"}],"curies":[{"name":"wp","href":"https:\/\/api.w.org\/{rel}","templated":true}]}}