{"id":24471,"date":"2019-11-27T15:18:43","date_gmt":"2019-11-27T15:18:43","guid":{"rendered":"https:\/\/sertv.gob.pa\/crisolfm\/?p=24471"},"modified":"2019-11-27T15:18:43","modified_gmt":"2019-11-27T15:18:43","slug":"los-artilugios-y-reliquias-de-miguel-de-la-quadra-salcedo-salen-a-la-luz-en-el-museo-de-america","status":"publish","type":"post","link":"https:\/\/sertv.gob.pa\/crisolfm\/los-artilugios-y-reliquias-de-miguel-de-la-quadra-salcedo-salen-a-la-luz-en-el-museo-de-america\/","title":{"rendered":"Los artilugios y reliquias de Miguel de la Quadra-Salcedo salen a la luz en el Museo de Am\u00e9rica"},"content":{"rendered":"<p>Las <strong>reliquias y objetos cosechados <\/strong>por el aventurero <a href=\"https:\/\/www.abc.es\/deportes\/abci-emotivo-homenaje-miguel-quadra-salcedo-pistas-atletismo-complutense-201805230910_noticia.html\" target=\"_blank\" rel=\"noopener\">Miguel de la Quadra-Salcedo<\/a> a lo largo de sus viajes alrededor del mundo por fin salen a la luz en una exposici\u00f3n organizada por el <strong>Museo de Am\u00e9rica<\/strong>, que recoge desde instrumentos y archivos personales donados por la familia hasta piezas de <strong>rituales cham\u00e1nicos<\/strong> y fotograf\u00edas enfrent\u00e1ndose a una anaconda.<\/p>\n<p>Miguel de la Quadra-Salcedo (1932-2016) es el espa\u00f1ol que lo ha sido casi todo: <strong>atleta, periodista, explorador, actor, reportero <\/strong>y, en cierto modo, un cuasi diplom\u00e1tico que uni\u00f3 Espa\u00f1a con Iberoam\u00e9rica a trav\u00e9s de sus expediciones. Si uno desconoce su figura, la exposici\u00f3n que se estrena ma\u00f1ana en el Museo de Am\u00e9rica ayuda a hacerse una composici\u00f3n de lugar.<\/p>\n<p>Se trata de una muestra peculiar que recoge las m\u00faltiples facetas del protagonista; tanto, que da la sensaci\u00f3n de adentrarse en el <strong>universo \u00abGeyperman\u00bb<\/strong> entre tantos accesorios tan dispares entre s\u00ed: los discos que lanzaba a cientos de metros en su etapa como atleta, c\u00e1maras de v\u00eddeo, pasaportes y documentos de viaje, artilugios de chamanes del Amazonas y hasta una <strong>fotograf\u00eda estrangulando una anaconda<\/strong>.<\/p>\n<p>En lo primero que destac\u00f3 de la Quadra-Salcedo fue en sus dotes atl\u00e9ticas, que le llevaron a ser seleccionado <strong>dos veces para los Juegos Ol\u00edmpicos <\/strong>en lanzamiento de disco. Ya en la universidad tante\u00f3 el <strong>waterpolo, el rugby y la halterofilia<\/strong>; incluso fue <strong>campe\u00f3n de lucha grecorromana <\/strong>en su categor\u00eda. De ah\u00ed que apareciera como figurante en la pel\u00edcula \u00abAlejandro Magno\u00bb (1956) de Robert Rossen, en la que interpreta a un lanzador de disco, algo de lo que tambi\u00e9n da cuenta la exposici\u00f3n con fotogramas del \u00abfilme\u00bb.<\/p>\n<p>ABC Cultura<\/p>\n","protected":false},"excerpt":{"rendered":"<p>Las reliquias y objetos cosechados por el aventurero Miguel de <a href=\"https:\/\/sertv.gob.pa\/crisolfm\/los-artilugios-y-reliquias-de-miguel-de-la-quadra-salcedo-salen-a-la-luz-en-el-museo-de-america\/\"> [&#8230;]<\/a><\/p>\n","protected":false},"author":64,"featured_media":24472,"comment_status":"closed","ping_status":"closed","sticky":false,"template":"","format":"standard","meta":{"footnotes":""},"categories":[6],"tags":[],"class_list":["post-24471","post","type-post","status-publish","format-standard","has-post-thumbnail","hentry","category-culturales"],"_links":{"self":[{"href":"https:\/\/sertv.gob.pa\/crisolfm\/wp-json\/wp\/v2\/posts\/24471","targetHints":{"allow":["GET"]}}],"collection":[{"href":"https:\/\/sertv.gob.pa\/crisolfm\/wp-json\/wp\/v2\/posts"}],"about":[{"href":"https:\/\/sertv.gob.pa\/crisolfm\/wp-json\/wp\/v2\/types\/post"}],"author":[{"embeddable":true,"href":"https:\/\/sertv.gob.pa\/crisolfm\/wp-json\/wp\/v2\/users\/64"}],"replies":[{"embeddable":true,"href":"https:\/\/sertv.gob.pa\/crisolfm\/wp-json\/wp\/v2\/comments?post=24471"}],"version-history":[{"count":1,"href":"https:\/\/sertv.gob.pa\/crisolfm\/wp-json\/wp\/v2\/posts\/24471\/revisions"}],"predecessor-version":[{"id":24473,"href":"https:\/\/sertv.gob.pa\/crisolfm\/wp-json\/wp\/v2\/posts\/24471\/revisions\/24473"}],"wp:featuredmedia":[{"embeddable":true,"href":"https:\/\/sertv.gob.pa\/crisolfm\/wp-json\/wp\/v2\/media\/24472"}],"wp:attachment":[{"href":"https:\/\/sertv.gob.pa\/crisolfm\/wp-json\/wp\/v2\/media?parent=24471"}],"wp:term":[{"taxonomy":"category","embeddable":true,"href":"https:\/\/sertv.gob.pa\/crisolfm\/wp-json\/wp\/v2\/categories?post=24471"},{"taxonomy":"post_tag","embeddable":true,"href":"https:\/\/sertv.gob.pa\/crisolfm\/wp-json\/wp\/v2\/tags?post=24471"}],"curies":[{"name":"wp","href":"https:\/\/api.w.org\/{rel}","templated":true}]}}