{"id":24514,"date":"2019-11-28T18:16:51","date_gmt":"2019-11-28T18:16:51","guid":{"rendered":"https:\/\/sertv.gob.pa\/crisolfm\/?p=24514"},"modified":"2019-11-28T18:16:51","modified_gmt":"2019-11-28T18:16:51","slug":"la-cop25-chile-madrid-espera-a-unos-50-jefes-de-estado-y-gobierno","status":"publish","type":"post","link":"https:\/\/sertv.gob.pa\/crisolfm\/la-cop25-chile-madrid-espera-a-unos-50-jefes-de-estado-y-gobierno\/","title":{"rendered":"La COP25 Chile &#8211; Madrid espera a unos 50 Jefes de Estado y Gobierno"},"content":{"rendered":"<p>La ministra para la Transici\u00f3n Ecol\u00f3gica en funciones, Teresa Ribera, ha asegurado que las confirmaciones de autoridades internacionales que acudir\u00e1n a la XXV Conferencia de las Partes de Cambio Clim\u00e1tico de la ONU que se celebrar\u00e1 del 2 al 13 de diciembre en Madrid (COP259 \u00ab<strong>supera las 50 personas<\/strong>\u00ab, entre jefes de Estado o de Gobierno, ministros y otras autoridades de diferentes organizaciones.<\/p>\n<p>Durante su intervenci\u00f3n en un desayuno informativo de Nueva Econom\u00eda F\u00f3rum, en el que ha participado junto a la ministra de Medio Ambiente de Chile, Carolina Schmidt, quien, por su parte, ha confirmado que el presidente de su pa\u00eds<strong>, Sebasti\u00e1n Pi\u00f1era, no viajar\u00e1<\/strong> <strong>a Madrid<\/strong>, porque est\u00e1 centrado en resolver la \u00aburgencia\u00bb de la crisis pol\u00edtica y social que atraviesa el pa\u00eds latinoamericano.<\/p>\n<p>Seg\u00fan ha apuntado, el c\u00e1lculo que ha realizado el Gobierno espa\u00f1ol \u00abes muy probablemente\u00bb de<strong> 50 millones de euros<\/strong>, lo que supondr\u00eda una rebaja de 10 millones de euros frente a los 60 millones que el Gobierno en funciones hab\u00eda estimado hace un par de semanas.<\/p>\n<p>Este dato se encontrar\u00eda dentro de la horquilla econ\u00f3mica con la que contaba el Gobierno, de 37 a 180 millones de euros, coste de anteriores Cumbres clim\u00e1ticas. \u00abFuimos prudentes con las partidas econ\u00f3micas\u00bb, ha dicho Ribera que, en todo caso, ha a\u00f1adido que a\u00fan est\u00e1n viendo \u00abcomo encajan\u00bb los n\u00fameros y que las cuentas se conocer\u00e1n con transparencia.<\/p>\n<p>ECOticias<\/p>\n","protected":false},"excerpt":{"rendered":"<p>La ministra para la Transici\u00f3n Ecol\u00f3gica en funciones, Teresa Ribera, <a href=\"https:\/\/sertv.gob.pa\/crisolfm\/la-cop25-chile-madrid-espera-a-unos-50-jefes-de-estado-y-gobierno\/\"> [&#8230;]<\/a><\/p>\n","protected":false},"author":64,"featured_media":24515,"comment_status":"closed","ping_status":"closed","sticky":false,"template":"","format":"standard","meta":{"footnotes":""},"categories":[7],"tags":[],"class_list":["post-24514","post","type-post","status-publish","format-standard","has-post-thumbnail","hentry","category-ecologicas"],"_links":{"self":[{"href":"https:\/\/sertv.gob.pa\/crisolfm\/wp-json\/wp\/v2\/posts\/24514","targetHints":{"allow":["GET"]}}],"collection":[{"href":"https:\/\/sertv.gob.pa\/crisolfm\/wp-json\/wp\/v2\/posts"}],"about":[{"href":"https:\/\/sertv.gob.pa\/crisolfm\/wp-json\/wp\/v2\/types\/post"}],"author":[{"embeddable":true,"href":"https:\/\/sertv.gob.pa\/crisolfm\/wp-json\/wp\/v2\/users\/64"}],"replies":[{"embeddable":true,"href":"https:\/\/sertv.gob.pa\/crisolfm\/wp-json\/wp\/v2\/comments?post=24514"}],"version-history":[{"count":1,"href":"https:\/\/sertv.gob.pa\/crisolfm\/wp-json\/wp\/v2\/posts\/24514\/revisions"}],"predecessor-version":[{"id":24516,"href":"https:\/\/sertv.gob.pa\/crisolfm\/wp-json\/wp\/v2\/posts\/24514\/revisions\/24516"}],"wp:featuredmedia":[{"embeddable":true,"href":"https:\/\/sertv.gob.pa\/crisolfm\/wp-json\/wp\/v2\/media\/24515"}],"wp:attachment":[{"href":"https:\/\/sertv.gob.pa\/crisolfm\/wp-json\/wp\/v2\/media?parent=24514"}],"wp:term":[{"taxonomy":"category","embeddable":true,"href":"https:\/\/sertv.gob.pa\/crisolfm\/wp-json\/wp\/v2\/categories?post=24514"},{"taxonomy":"post_tag","embeddable":true,"href":"https:\/\/sertv.gob.pa\/crisolfm\/wp-json\/wp\/v2\/tags?post=24514"}],"curies":[{"name":"wp","href":"https:\/\/api.w.org\/{rel}","templated":true}]}}