{"id":24517,"date":"2019-11-28T18:24:27","date_gmt":"2019-11-28T18:24:27","guid":{"rendered":"https:\/\/sertv.gob.pa\/crisolfm\/?p=24517"},"modified":"2019-11-28T18:24:27","modified_gmt":"2019-11-28T18:24:27","slug":"conoce-al-caballo-mas-simpatico-y-pequeno-del-planeta","status":"publish","type":"post","link":"https:\/\/sertv.gob.pa\/crisolfm\/conoce-al-caballo-mas-simpatico-y-pequeno-del-planeta\/","title":{"rendered":"Conoce al caballo m\u00e1s simp\u00e1tico y peque\u00f1o del Planeta"},"content":{"rendered":"<p>Certificado por el Libro Guinness de los Records, este ejemplar de Appaloossa es <strong>m\u00e1s peque\u00f1o que muchos perros<\/strong> y se ha convertido en toda una atracci\u00f3n en la ciudad polaca de Lodz, donde vive. Bombel naci\u00f3 en 2014. Cuando apenas ten\u00eda dos meses, sus propietarios, Patryk y Katarzyna Zielinska, supieron que algo no iba como deber\u00eda, incluso trat\u00e1ndose de un caballo en miniatura.<\/p>\n<p>Seg\u00fan la Asociaci\u00f3n Americana de Caballos Miniatura, el est\u00e1ndar para un <strong>mini caballo <\/strong>es cualquiera por debajo de los 96,5 cm a la cruz, por lo que Bombel encajar\u00eda perfectamente en esta clasificaci\u00f3n.<\/p>\n<p>Bombel no vive solo. En la hacienda KasKada convive con otros caballos m\u00e1s grandes que \u00e9l con los que se lleva estupendamente. Seg\u00fan sus criadores, a pesar de su baja estatura, es un animal con \u00abgran personalidad y un gran coraz\u00f3n\u00bb. Estas cualidades junto con su c\u00f3modo tama\u00f1o lo han convertido en el candidato perfecto para hacer voluntariado.<\/p>\n<p>De hecho, el peque\u00f1o equino<strong> acude una vez al mes a un hospital infantil local <\/strong>para ayudar a hacer m\u00e1s alegre y ameno el d\u00eda a los pacientes m\u00e1s j\u00f3venes como animal de apoyo emocional.<\/p>\n<p>ECOticias<\/p>\n","protected":false},"excerpt":{"rendered":"<p>Certificado por el Libro Guinness de los Records, este ejemplar <a href=\"https:\/\/sertv.gob.pa\/crisolfm\/conoce-al-caballo-mas-simpatico-y-pequeno-del-planeta\/\"> [&#8230;]<\/a><\/p>\n","protected":false},"author":64,"featured_media":24518,"comment_status":"closed","ping_status":"closed","sticky":false,"template":"","format":"standard","meta":{"footnotes":""},"categories":[7],"tags":[],"class_list":["post-24517","post","type-post","status-publish","format-standard","has-post-thumbnail","hentry","category-ecologicas"],"_links":{"self":[{"href":"https:\/\/sertv.gob.pa\/crisolfm\/wp-json\/wp\/v2\/posts\/24517","targetHints":{"allow":["GET"]}}],"collection":[{"href":"https:\/\/sertv.gob.pa\/crisolfm\/wp-json\/wp\/v2\/posts"}],"about":[{"href":"https:\/\/sertv.gob.pa\/crisolfm\/wp-json\/wp\/v2\/types\/post"}],"author":[{"embeddable":true,"href":"https:\/\/sertv.gob.pa\/crisolfm\/wp-json\/wp\/v2\/users\/64"}],"replies":[{"embeddable":true,"href":"https:\/\/sertv.gob.pa\/crisolfm\/wp-json\/wp\/v2\/comments?post=24517"}],"version-history":[{"count":1,"href":"https:\/\/sertv.gob.pa\/crisolfm\/wp-json\/wp\/v2\/posts\/24517\/revisions"}],"predecessor-version":[{"id":24519,"href":"https:\/\/sertv.gob.pa\/crisolfm\/wp-json\/wp\/v2\/posts\/24517\/revisions\/24519"}],"wp:featuredmedia":[{"embeddable":true,"href":"https:\/\/sertv.gob.pa\/crisolfm\/wp-json\/wp\/v2\/media\/24518"}],"wp:attachment":[{"href":"https:\/\/sertv.gob.pa\/crisolfm\/wp-json\/wp\/v2\/media?parent=24517"}],"wp:term":[{"taxonomy":"category","embeddable":true,"href":"https:\/\/sertv.gob.pa\/crisolfm\/wp-json\/wp\/v2\/categories?post=24517"},{"taxonomy":"post_tag","embeddable":true,"href":"https:\/\/sertv.gob.pa\/crisolfm\/wp-json\/wp\/v2\/tags?post=24517"}],"curies":[{"name":"wp","href":"https:\/\/api.w.org\/{rel}","templated":true}]}}