{"id":24531,"date":"2019-11-29T12:34:15","date_gmt":"2019-11-29T12:34:15","guid":{"rendered":"https:\/\/sertv.gob.pa\/crisolfm\/?p=24531"},"modified":"2019-11-29T12:34:15","modified_gmt":"2019-11-29T12:34:15","slug":"panama-en-salsa-un-fin-de-semana-de-musica-baile-y-diversion","status":"publish","type":"post","link":"https:\/\/sertv.gob.pa\/crisolfm\/panama-en-salsa-un-fin-de-semana-de-musica-baile-y-diversion\/","title":{"rendered":"PANAM\u00c1 EN SALSA UN FIN DE SEMANA DE M\u00daSICA, BAILE Y DIVERSI\u00d3N."},"content":{"rendered":"<div class=\"fusion-fullwidth fullwidth-box fusion-builder-row-1 nonhundred-percent-fullwidth non-hundred-percent-height-scrolling\" style=\"--awb-border-radius-top-left:0px;--awb-border-radius-top-right:0px;--awb-border-radius-bottom-right:0px;--awb-border-radius-bottom-left:0px;--awb-flex-wrap:wrap;\" ><div class=\"fusion-builder-row fusion-row\"><div class=\"fusion-layout-column fusion_builder_column fusion-builder-column-0 fusion_builder_column_1_1 1_1 fusion-one-full fusion-column-first fusion-column-last\" style=\"--awb-bg-size:cover;\"><div class=\"fusion-column-wrapper fusion-column-has-shadow fusion-flex-column-wrapper-legacy\"><div class=\"fusion-text fusion-text-1\"><p>Panam\u00e1 en Salsa, 3 d\u00edas de m\u00fasica, baile y diversi\u00f3n; el primer festival de salsa en nuestro pa\u00eds, en el que participar\u00e1n m\u00e1s de 20 orquestas nacionales en tres conciertos gratuitos, en Panam\u00e1 (Santa Ana), San Miguelito y Veracruz.<\/p>\n<p>Este evento es producido por el Ministerio de Cultura y se transmitir\u00e1 por la pantalla de televisi\u00f3n y todas las plataformas digitales de Sertv.<\/p>\n<p>El Festival, que ser\u00e1 del 29 de noviembre al primero de diciembre, es realizado en conjunto con los Municipios de Panam\u00e1, San Miguelito y Arraij\u00e1n.<\/p>\n<p><strong>\u00a0<\/strong><\/p>\n<\/div><div class=\"awb-gallery-wrapper awb-gallery-wrapper-1 button-span-no\"><div style=\"margin:-5px;--awb-bordersize:0px;\" class=\"fusion-gallery fusion-gallery-container fusion-grid-3 fusion-columns-total-1 fusion-gallery-layout-grid fusion-gallery-1\"><div style=\"padding:5px;\" class=\"fusion-grid-column fusion-gallery-column fusion-gallery-column-3 hover-type-none\"><div class=\"fusion-gallery-image\"><a href=\"https:\/\/sertv.gob.pa\/crisolfm\/wp-content\/uploads\/sites\/2\/2019\/11\/PANAMA-EN-SALSA.jpg\" rel=\"noreferrer\" data-rel=\"iLightbox[gallery_image_1]\" class=\"fusion-lightbox\" target=\"_self\"><img decoding=\"async\" src=\"https:\/\/sertv.gob.pa\/crisolfm\/wp-content\/uploads\/sites\/2\/2019\/11\/PANAMA-EN-SALSA.jpg\" width=\"640\" height=\"360\" alt=\"\" title=\"PANAMA EN SALSA\" aria-label=\"PANAMA EN SALSA\" class=\"img-responsive wp-image-24532\" srcset=\"https:\/\/sertv.gob.pa\/crisolfm\/wp-content\/uploads\/sites\/2\/2019\/11\/PANAMA-EN-SALSA-200x113.jpg 200w, https:\/\/sertv.gob.pa\/crisolfm\/wp-content\/uploads\/sites\/2\/2019\/11\/PANAMA-EN-SALSA-400x225.jpg 400w, https:\/\/sertv.gob.pa\/crisolfm\/wp-content\/uploads\/sites\/2\/2019\/11\/PANAMA-EN-SALSA-600x338.jpg 600w, https:\/\/sertv.gob.pa\/crisolfm\/wp-content\/uploads\/sites\/2\/2019\/11\/PANAMA-EN-SALSA.jpg 640w\" sizes=\"(min-width: 2200px) 100vw, (min-width: 784px) 363px, (min-width: 712px) 545px, (min-width: 640px) 712px, \" \/><\/a><\/div><\/div><\/div><\/div><div class=\"fusion-clearfix\"><\/div><\/div><\/div><\/div><\/div>\n","protected":false},"excerpt":{"rendered":"","protected":false},"author":34,"featured_media":24532,"comment_status":"closed","ping_status":"closed","sticky":false,"template":"","format":"standard","meta":{"footnotes":""},"categories":[6],"tags":[],"class_list":["post-24531","post","type-post","status-publish","format-standard","has-post-thumbnail","hentry","category-culturales"],"_links":{"self":[{"href":"https:\/\/sertv.gob.pa\/crisolfm\/wp-json\/wp\/v2\/posts\/24531","targetHints":{"allow":["GET"]}}],"collection":[{"href":"https:\/\/sertv.gob.pa\/crisolfm\/wp-json\/wp\/v2\/posts"}],"about":[{"href":"https:\/\/sertv.gob.pa\/crisolfm\/wp-json\/wp\/v2\/types\/post"}],"author":[{"embeddable":true,"href":"https:\/\/sertv.gob.pa\/crisolfm\/wp-json\/wp\/v2\/users\/34"}],"replies":[{"embeddable":true,"href":"https:\/\/sertv.gob.pa\/crisolfm\/wp-json\/wp\/v2\/comments?post=24531"}],"version-history":[{"count":1,"href":"https:\/\/sertv.gob.pa\/crisolfm\/wp-json\/wp\/v2\/posts\/24531\/revisions"}],"predecessor-version":[{"id":24533,"href":"https:\/\/sertv.gob.pa\/crisolfm\/wp-json\/wp\/v2\/posts\/24531\/revisions\/24533"}],"wp:featuredmedia":[{"embeddable":true,"href":"https:\/\/sertv.gob.pa\/crisolfm\/wp-json\/wp\/v2\/media\/24532"}],"wp:attachment":[{"href":"https:\/\/sertv.gob.pa\/crisolfm\/wp-json\/wp\/v2\/media?parent=24531"}],"wp:term":[{"taxonomy":"category","embeddable":true,"href":"https:\/\/sertv.gob.pa\/crisolfm\/wp-json\/wp\/v2\/categories?post=24531"},{"taxonomy":"post_tag","embeddable":true,"href":"https:\/\/sertv.gob.pa\/crisolfm\/wp-json\/wp\/v2\/tags?post=24531"}],"curies":[{"name":"wp","href":"https:\/\/api.w.org\/{rel}","templated":true}]}}