{"id":24538,"date":"2019-11-29T13:45:05","date_gmt":"2019-11-29T13:45:05","guid":{"rendered":"https:\/\/sertv.gob.pa\/crisolfm\/?p=24538"},"modified":"2019-11-29T13:45:05","modified_gmt":"2019-11-29T13:45:05","slug":"deforestacion-de-la-amazonia-brasilena-supero-los-10-mil-kilometros-cuadrados-en-12-meses","status":"publish","type":"post","link":"https:\/\/sertv.gob.pa\/crisolfm\/deforestacion-de-la-amazonia-brasilena-supero-los-10-mil-kilometros-cuadrados-en-12-meses\/","title":{"rendered":"Deforestaci\u00f3n de la Amazon\u00eda brasile\u00f1a super\u00f3 los 10 mil kil\u00f3metros cuadrados en 12 meses"},"content":{"rendered":"<p><strong>La deforestaci\u00f3n de la Amazon\u00eda <\/strong>brasile\u00f1a super\u00f3 los 10 mil kil\u00f3metros cuadrados por primera vez desde 2008 entre agosto de 2018 y julio de 2019, un alza de 43% respecto a los doce meses precedentes, seg\u00fan datos oficiales actualizados este jueves. El incremento proporcional fue mayor en las en las \u00e1reas ind\u00edgenas, donde ardieron 423.3 kil\u00f3metros, un 74.5% m\u00e1s.<\/p>\n<p>La destrucci\u00f3n de la mayor selva tropical del mundo en esos doce meses totaliz\u00f3 10 mil 100 kil\u00f3metros cuadrados, frente a 7 mil 33 kil\u00f3metros cuadrados entre agosto-2017 y julio-2018 (+43%), precis\u00f3 el sistema de vigilancia de deforestaci\u00f3n PRODES, del Instituto Nacional de Investigaciones Espaciales.<\/p>\n<p>El dato revisa una primera evaluaci\u00f3n del 18 de noviembre, de un \u00e1rea deforestada de 9 mil 762 kil\u00f3metros cuadrados en ese periodo, que incluye los siete primeros meses de gesti\u00f3n del presidente de ultraderecha Jair Bolsonaro, partidario de la apertura de la selva tropical a las actividades agropecuarias y mineras.<\/p>\n<p>El \u00e1rea devastada es la mayor desde 2008, cuando alcanz\u00f3 12 mil 287 kil\u00f3metros cuadrados, y es la primera vez desde entonces que supera los 10 mil kil\u00f3metros cuadrados.<\/p>\n<p>AFP<\/p>\n","protected":false},"excerpt":{"rendered":"<p>La deforestaci\u00f3n de la Amazon\u00eda brasile\u00f1a super\u00f3 los 10 mil <a href=\"https:\/\/sertv.gob.pa\/crisolfm\/deforestacion-de-la-amazonia-brasilena-supero-los-10-mil-kilometros-cuadrados-en-12-meses\/\"> [&#8230;]<\/a><\/p>\n","protected":false},"author":64,"featured_media":24539,"comment_status":"closed","ping_status":"closed","sticky":false,"template":"","format":"standard","meta":{"footnotes":""},"categories":[7],"tags":[],"class_list":["post-24538","post","type-post","status-publish","format-standard","has-post-thumbnail","hentry","category-ecologicas"],"_links":{"self":[{"href":"https:\/\/sertv.gob.pa\/crisolfm\/wp-json\/wp\/v2\/posts\/24538","targetHints":{"allow":["GET"]}}],"collection":[{"href":"https:\/\/sertv.gob.pa\/crisolfm\/wp-json\/wp\/v2\/posts"}],"about":[{"href":"https:\/\/sertv.gob.pa\/crisolfm\/wp-json\/wp\/v2\/types\/post"}],"author":[{"embeddable":true,"href":"https:\/\/sertv.gob.pa\/crisolfm\/wp-json\/wp\/v2\/users\/64"}],"replies":[{"embeddable":true,"href":"https:\/\/sertv.gob.pa\/crisolfm\/wp-json\/wp\/v2\/comments?post=24538"}],"version-history":[{"count":1,"href":"https:\/\/sertv.gob.pa\/crisolfm\/wp-json\/wp\/v2\/posts\/24538\/revisions"}],"predecessor-version":[{"id":24540,"href":"https:\/\/sertv.gob.pa\/crisolfm\/wp-json\/wp\/v2\/posts\/24538\/revisions\/24540"}],"wp:featuredmedia":[{"embeddable":true,"href":"https:\/\/sertv.gob.pa\/crisolfm\/wp-json\/wp\/v2\/media\/24539"}],"wp:attachment":[{"href":"https:\/\/sertv.gob.pa\/crisolfm\/wp-json\/wp\/v2\/media?parent=24538"}],"wp:term":[{"taxonomy":"category","embeddable":true,"href":"https:\/\/sertv.gob.pa\/crisolfm\/wp-json\/wp\/v2\/categories?post=24538"},{"taxonomy":"post_tag","embeddable":true,"href":"https:\/\/sertv.gob.pa\/crisolfm\/wp-json\/wp\/v2\/tags?post=24538"}],"curies":[{"name":"wp","href":"https:\/\/api.w.org\/{rel}","templated":true}]}}