{"id":24551,"date":"2019-11-29T14:19:47","date_gmt":"2019-11-29T14:19:47","guid":{"rendered":"https:\/\/sertv.gob.pa\/crisolfm\/?p=24551"},"modified":"2019-11-29T14:19:47","modified_gmt":"2019-11-29T14:19:47","slug":"las-gafas-de-sol-redondas-de-john-lennon-seran-subastadas","status":"publish","type":"post","link":"https:\/\/sertv.gob.pa\/crisolfm\/las-gafas-de-sol-redondas-de-john-lennon-seran-subastadas\/","title":{"rendered":"Las gafas de sol redondas de John Lennon ser\u00e1n subastadas"},"content":{"rendered":"<p>Las gafas de sol redondas de John Lennon y una multa dirigida a Ringo Starr, conservadas por un exconductor de los Beatles, saldr\u00e1n a subasta la semana pr\u00f3xima en la p\u00e1gina web de Sotheby&#8217;s. Este exch\u00f3fer, Alan Herring, explic\u00f3 que hab\u00eda decidido deshacerse de esos bienes y quedarse \u00fanicamente con los \u00abrecuerdos\u00bb.<\/p>\n<p>Herring, que trabajaba para Ringo Starr y George Harrison, dos de los cuatro miembros del c\u00e9lebre grupo de pop brit\u00e1nico, conserv\u00f3 la multa por un monto de 2 libras emitida el 25 de abril de 1969 frente a Apple Records, la discogr\u00e1fica fundada por los Beatles.<\/p>\n<p>Ese papel arrugado y de color marr\u00f3n tiene un valor estimado de 1.500 libras (1.760 euros).<\/p>\n<p>Las gafas de sol que John Lennon se dej\u00f3 en el asiento de atr\u00e1s del Mercedes de Ringo Starr en 1968 tambi\u00e9n est\u00e1n en venta.<\/p>\n<p>Esas gafas de sol \u00abverdaderamente forman parte de la imagen de John Lennon desde mediados de los 1960 hasta su muerte\u00bb, declar\u00f3 Gabriel Heaton, especialista en libros y manuscritos en Sotheby&#8217;s, a la agencia de prensa PA.<\/p>\n<p>\u00ab\u00c9l cambi\u00f3 de estilo muchas veces, pero la \u00fanica constante son las gafas de sol, si uno quiere hacer una caricatura de John Lennon, es el pelo largo y las gafas de sol\u00bb, dijo Heaton.<\/p>\n<p>La venta en l\u00ednea est\u00e1 prevista del 6 al 13 de diciembre en la p\u00e1gina web de Sotheby&#8217;s.<\/p>\n<p>AFP<\/p>\n","protected":false},"excerpt":{"rendered":"<p>Las gafas de sol redondas de John Lennon y una <a href=\"https:\/\/sertv.gob.pa\/crisolfm\/las-gafas-de-sol-redondas-de-john-lennon-seran-subastadas\/\"> [&#8230;]<\/a><\/p>\n","protected":false},"author":64,"featured_media":24552,"comment_status":"closed","ping_status":"closed","sticky":false,"template":"","format":"standard","meta":{"footnotes":""},"categories":[6],"tags":[],"class_list":["post-24551","post","type-post","status-publish","format-standard","has-post-thumbnail","hentry","category-culturales"],"_links":{"self":[{"href":"https:\/\/sertv.gob.pa\/crisolfm\/wp-json\/wp\/v2\/posts\/24551","targetHints":{"allow":["GET"]}}],"collection":[{"href":"https:\/\/sertv.gob.pa\/crisolfm\/wp-json\/wp\/v2\/posts"}],"about":[{"href":"https:\/\/sertv.gob.pa\/crisolfm\/wp-json\/wp\/v2\/types\/post"}],"author":[{"embeddable":true,"href":"https:\/\/sertv.gob.pa\/crisolfm\/wp-json\/wp\/v2\/users\/64"}],"replies":[{"embeddable":true,"href":"https:\/\/sertv.gob.pa\/crisolfm\/wp-json\/wp\/v2\/comments?post=24551"}],"version-history":[{"count":1,"href":"https:\/\/sertv.gob.pa\/crisolfm\/wp-json\/wp\/v2\/posts\/24551\/revisions"}],"predecessor-version":[{"id":24553,"href":"https:\/\/sertv.gob.pa\/crisolfm\/wp-json\/wp\/v2\/posts\/24551\/revisions\/24553"}],"wp:featuredmedia":[{"embeddable":true,"href":"https:\/\/sertv.gob.pa\/crisolfm\/wp-json\/wp\/v2\/media\/24552"}],"wp:attachment":[{"href":"https:\/\/sertv.gob.pa\/crisolfm\/wp-json\/wp\/v2\/media?parent=24551"}],"wp:term":[{"taxonomy":"category","embeddable":true,"href":"https:\/\/sertv.gob.pa\/crisolfm\/wp-json\/wp\/v2\/categories?post=24551"},{"taxonomy":"post_tag","embeddable":true,"href":"https:\/\/sertv.gob.pa\/crisolfm\/wp-json\/wp\/v2\/tags?post=24551"}],"curies":[{"name":"wp","href":"https:\/\/api.w.org\/{rel}","templated":true}]}}