{"id":24554,"date":"2019-11-29T14:26:19","date_gmt":"2019-11-29T14:26:19","guid":{"rendered":"https:\/\/sertv.gob.pa\/crisolfm\/?p=24554"},"modified":"2019-11-29T14:26:19","modified_gmt":"2019-11-29T14:26:19","slug":"gira-navidena-de-la-orquesta-sinfonica-de-panama","status":"publish","type":"post","link":"https:\/\/sertv.gob.pa\/crisolfm\/gira-navidena-de-la-orquesta-sinfonica-de-panama\/","title":{"rendered":"Gira navide\u00f1a de la Orquesta Sinf\u00f3nica de Panam\u00e1"},"content":{"rendered":"<p>La Orquesta Sinf\u00f3nica Nacional de Panam\u00e1 ha preparado al menos 10 conciertos\u00a0navide\u00f1os en la gran gira musical de fin de a\u00f1o. Las actividades se extender\u00e1n por iglesias, teatros y parques de la ciudad de Panam\u00e1, Santiago de Veraguas y Villa de Los Santos; completamente gratis, a partir de 3 de diciembre de 2019.<\/p>\n<p><strong>Calendario de Conciertos-gratuitos<\/strong><\/p>\n<p>3 de diciembre \u2013 Centro Comercial-Dorado Mall a las 6:00 p.m.<\/p>\n<p>4 de diciembre &#8211; Teatro Balboa conciertos did\u00e1ctica para ni\u00f1os y j\u00f3venes a las 8:30 a.m.<\/p>\n<p>5 de diciembre &#8211; Teatro Balboa conciertos did\u00e1ctica para ni\u00f1os y j\u00f3venes a la 8:30 a.m.<\/p>\n<p>6 de diciembre &#8211; Parroquia de Atalaya, Provincia de Veraguas a las 7:00 p.m.<\/p>\n<p>7 de diciembre &#8211;\u00a0 Parque Urraca, Ave. Balboa a las 7:00 p.m.<\/p>\n<p>10 de diciembre &#8211; Escalinatas del Ministerio de Cultura a las 7:00 p.m.<\/p>\n<p>11 de diciembre \u2013 Iglesia Catedral Provincia de Col\u00f3n a las 7:00 p.m.<\/p>\n<p>13 de diciembre &#8211; Parroquia San Atanasio, Provincia de Los Santos a las 7:30 p.m.<\/p>\n<p>16 de diciembre &#8211; Parroquia Natividad de Mar\u00eda, en Cerro Viento a las 7:30 p.m.<\/p>\n<p>17 de diciembre &#8211; Parque Benito Ju\u00e1rez, en el Carmen a las 7:30 p.m.<\/p>\n<p>18 de diciembre &#8211; Parroquia el Santuario Nacional, a las 7:30 p.m.<\/p>\n<p>19 de diciembre &#8211; Parroquia Nuestra Se\u00f1ora de La Esperanza, en el Bosque &#8211; Tumba Muerto a las 7:30 p.m.<\/p>\n<p>20 de diciembre &#8211; Parque Urraca, Ave. Balboa a las 7:30 p.m.<\/p>\n<p>&nbsp;<\/p>\n<p>&nbsp;<\/p>\n","protected":false},"excerpt":{"rendered":"<p>La Orquesta Sinf\u00f3nica Nacional de Panam\u00e1 ha preparado al menos <a href=\"https:\/\/sertv.gob.pa\/crisolfm\/gira-navidena-de-la-orquesta-sinfonica-de-panama\/\"> [&#8230;]<\/a><\/p>\n","protected":false},"author":64,"featured_media":24555,"comment_status":"closed","ping_status":"closed","sticky":false,"template":"","format":"standard","meta":{"footnotes":""},"categories":[6],"tags":[],"class_list":["post-24554","post","type-post","status-publish","format-standard","has-post-thumbnail","hentry","category-culturales"],"_links":{"self":[{"href":"https:\/\/sertv.gob.pa\/crisolfm\/wp-json\/wp\/v2\/posts\/24554","targetHints":{"allow":["GET"]}}],"collection":[{"href":"https:\/\/sertv.gob.pa\/crisolfm\/wp-json\/wp\/v2\/posts"}],"about":[{"href":"https:\/\/sertv.gob.pa\/crisolfm\/wp-json\/wp\/v2\/types\/post"}],"author":[{"embeddable":true,"href":"https:\/\/sertv.gob.pa\/crisolfm\/wp-json\/wp\/v2\/users\/64"}],"replies":[{"embeddable":true,"href":"https:\/\/sertv.gob.pa\/crisolfm\/wp-json\/wp\/v2\/comments?post=24554"}],"version-history":[{"count":1,"href":"https:\/\/sertv.gob.pa\/crisolfm\/wp-json\/wp\/v2\/posts\/24554\/revisions"}],"predecessor-version":[{"id":24556,"href":"https:\/\/sertv.gob.pa\/crisolfm\/wp-json\/wp\/v2\/posts\/24554\/revisions\/24556"}],"wp:featuredmedia":[{"embeddable":true,"href":"https:\/\/sertv.gob.pa\/crisolfm\/wp-json\/wp\/v2\/media\/24555"}],"wp:attachment":[{"href":"https:\/\/sertv.gob.pa\/crisolfm\/wp-json\/wp\/v2\/media?parent=24554"}],"wp:term":[{"taxonomy":"category","embeddable":true,"href":"https:\/\/sertv.gob.pa\/crisolfm\/wp-json\/wp\/v2\/categories?post=24554"},{"taxonomy":"post_tag","embeddable":true,"href":"https:\/\/sertv.gob.pa\/crisolfm\/wp-json\/wp\/v2\/tags?post=24554"}],"curies":[{"name":"wp","href":"https:\/\/api.w.org\/{rel}","templated":true}]}}