{"id":24564,"date":"2019-11-29T15:21:02","date_gmt":"2019-11-29T15:21:02","guid":{"rendered":"https:\/\/sertv.gob.pa\/crisolfm\/?p=24564"},"modified":"2019-11-29T15:21:02","modified_gmt":"2019-11-29T15:21:02","slug":"roberto-lewis-2019-en-la-galeria-juan-manuel-cedeno","status":"publish","type":"post","link":"https:\/\/sertv.gob.pa\/crisolfm\/roberto-lewis-2019-en-la-galeria-juan-manuel-cedeno\/","title":{"rendered":"Roberto Lewis 2019 en la Galer\u00eda Juan Manuel Cede\u00f1o"},"content":{"rendered":"<p>Alrededor de 40 obras, entre ganadoras y seleccionadas del Concurso Nacional de Artes Visuales Roberto Lewis 2019, ser\u00e1n apreciadas en la Galer\u00eda Juan Manuel Cede\u00f1o hasta el 20 de diciembre. El p\u00fablico podr\u00e1 visualizar el gran trabajo evaluado por 12 jurados, entre nacionales e internacionales, de las categor\u00edas de arte digital, fotograf\u00eda, escultura y pintura que ya forman parte de la colecci\u00f3n del concurso nacional.<\/p>\n<p>Temy Maiz\u00f3n (arte digital), Joaqu\u00edn Carrizo (Fotograf\u00eda), Allan Cede\u00f1o (Escultura) y Maikel Mendoza (Pintura) fueron los primeros lugares de este concurso que convoca a los artistas visuales a nivel nacional.<\/p>\n<p>Con esta exposici\u00f3n, el Ministerio de Cultura anuncia un nuevo horario de atenci\u00f3n de la galer\u00eda para que p\u00fablico nacional y extranjero que abrir\u00e1 de lunes a viernes de 8:00 a.m. a 5:00 p.m., y s\u00e1bado y domingo de 9:00 a.m. a 5:00 p.m., y se halla ubicada en la edificaci\u00f3n conocida como Las B\u00f3vedas. La entrada no tiene costo.<\/p>\n<p>&nbsp;<\/p>\n","protected":false},"excerpt":{"rendered":"<p>Alrededor de 40 obras, entre ganadoras y seleccionadas del Concurso <a href=\"https:\/\/sertv.gob.pa\/crisolfm\/roberto-lewis-2019-en-la-galeria-juan-manuel-cedeno\/\"> [&#8230;]<\/a><\/p>\n","protected":false},"author":64,"featured_media":24565,"comment_status":"closed","ping_status":"closed","sticky":false,"template":"","format":"standard","meta":{"footnotes":""},"categories":[6],"tags":[],"class_list":["post-24564","post","type-post","status-publish","format-standard","has-post-thumbnail","hentry","category-culturales"],"_links":{"self":[{"href":"https:\/\/sertv.gob.pa\/crisolfm\/wp-json\/wp\/v2\/posts\/24564","targetHints":{"allow":["GET"]}}],"collection":[{"href":"https:\/\/sertv.gob.pa\/crisolfm\/wp-json\/wp\/v2\/posts"}],"about":[{"href":"https:\/\/sertv.gob.pa\/crisolfm\/wp-json\/wp\/v2\/types\/post"}],"author":[{"embeddable":true,"href":"https:\/\/sertv.gob.pa\/crisolfm\/wp-json\/wp\/v2\/users\/64"}],"replies":[{"embeddable":true,"href":"https:\/\/sertv.gob.pa\/crisolfm\/wp-json\/wp\/v2\/comments?post=24564"}],"version-history":[{"count":1,"href":"https:\/\/sertv.gob.pa\/crisolfm\/wp-json\/wp\/v2\/posts\/24564\/revisions"}],"predecessor-version":[{"id":24566,"href":"https:\/\/sertv.gob.pa\/crisolfm\/wp-json\/wp\/v2\/posts\/24564\/revisions\/24566"}],"wp:featuredmedia":[{"embeddable":true,"href":"https:\/\/sertv.gob.pa\/crisolfm\/wp-json\/wp\/v2\/media\/24565"}],"wp:attachment":[{"href":"https:\/\/sertv.gob.pa\/crisolfm\/wp-json\/wp\/v2\/media?parent=24564"}],"wp:term":[{"taxonomy":"category","embeddable":true,"href":"https:\/\/sertv.gob.pa\/crisolfm\/wp-json\/wp\/v2\/categories?post=24564"},{"taxonomy":"post_tag","embeddable":true,"href":"https:\/\/sertv.gob.pa\/crisolfm\/wp-json\/wp\/v2\/tags?post=24564"}],"curies":[{"name":"wp","href":"https:\/\/api.w.org\/{rel}","templated":true}]}}