{"id":24575,"date":"2019-11-29T15:40:09","date_gmt":"2019-11-29T15:40:09","guid":{"rendered":"https:\/\/sertv.gob.pa\/crisolfm\/?p=24575"},"modified":"2019-11-29T15:40:09","modified_gmt":"2019-11-29T15:40:09","slug":"europa-por-fin-declara-la-emergencia-climatica-del-planeta","status":"publish","type":"post","link":"https:\/\/sertv.gob.pa\/crisolfm\/europa-por-fin-declara-la-emergencia-climatica-del-planeta\/","title":{"rendered":"Europa, por fin, declara la emergencia clim\u00e1tica del Planeta"},"content":{"rendered":"<p>Con 429 votos a favor, 225 en contra y 19 abstenciones, el\u00a0Parlamento Europeo\u00a0ha adoptado hoy una resoluci\u00f3n para <strong>declarar la\u00a0emergencia clim\u00e1tica<\/strong>\u00a0no solo en la Uni\u00f3n Europea, sino tambi\u00e9n en el resto del mundo, tras las alertas de cient\u00edficos y administraciones locales. Este documento muestra la voluntad del continente de reforzar la ambici\u00f3n y la acci\u00f3n clim\u00e1tica para limitar las emisiones de gases de efecto invernadero.<\/p>\n<p>Con esta resoluci\u00f3n los eurodiputados quieren asegurarse de todas las propuestas legislativas y presupuestarias relevantes est\u00e9n totalmente alineadas con el objetivo de limitar el aumento de temperaturas a\u00a0<strong>menos de 1,5 \u00b0 C\u00a0<\/strong>respecto a los niveles preindustriales, tal y como estable el\u00a0Acuerdo de Par\u00eds, aprobado en 2015.<\/p>\n<p>\u201cEl Parlamento Europeo acaba de adoptar una posici\u00f3n ambiciosa de cara a la pr\u00f3xima\u00a0COP25 en Madrid. Dada la emergencia clim\u00e1tica y ambiental, es esencial reducir nuestras emisiones de\u00a0gases de efecto invernadero\u00a0en un 55 % en 2030\u201d, ha se\u00f1alado Pascal Canfin, presidente de la Comisi\u00f3n de Medio Ambiente, Salud P\u00fablica y Seguridad Alimentaria.<\/p>\n<p>Para garantizar la reducci\u00f3n de emisiones, el Parlamento ha aprobado una resoluci\u00f3n paralela en la que insta a la Uni\u00f3n Europea a presentar lo antes posible ante Naciones Unidas su estrategia para alcanzar la neutralidad clim\u00e1tica antes de 2050.<\/p>\n<p>Aunque la Comisi\u00f3n Europea ya ha propuesto este objetivo, el Consejo Europeo no lo ha respaldado a\u00fan ante la oposici\u00f3n de <strong>Polonia, Hungr\u00eda y la Rep\u00fablica Checa.<\/strong><\/p>\n<p>ECOticias<\/p>\n","protected":false},"excerpt":{"rendered":"<p>Con 429 votos a favor, 225 en contra y 19 <a href=\"https:\/\/sertv.gob.pa\/crisolfm\/europa-por-fin-declara-la-emergencia-climatica-del-planeta\/\"> [&#8230;]<\/a><\/p>\n","protected":false},"author":64,"featured_media":24576,"comment_status":"closed","ping_status":"closed","sticky":false,"template":"","format":"standard","meta":{"footnotes":""},"categories":[7],"tags":[],"class_list":["post-24575","post","type-post","status-publish","format-standard","has-post-thumbnail","hentry","category-ecologicas"],"_links":{"self":[{"href":"https:\/\/sertv.gob.pa\/crisolfm\/wp-json\/wp\/v2\/posts\/24575","targetHints":{"allow":["GET"]}}],"collection":[{"href":"https:\/\/sertv.gob.pa\/crisolfm\/wp-json\/wp\/v2\/posts"}],"about":[{"href":"https:\/\/sertv.gob.pa\/crisolfm\/wp-json\/wp\/v2\/types\/post"}],"author":[{"embeddable":true,"href":"https:\/\/sertv.gob.pa\/crisolfm\/wp-json\/wp\/v2\/users\/64"}],"replies":[{"embeddable":true,"href":"https:\/\/sertv.gob.pa\/crisolfm\/wp-json\/wp\/v2\/comments?post=24575"}],"version-history":[{"count":1,"href":"https:\/\/sertv.gob.pa\/crisolfm\/wp-json\/wp\/v2\/posts\/24575\/revisions"}],"predecessor-version":[{"id":24577,"href":"https:\/\/sertv.gob.pa\/crisolfm\/wp-json\/wp\/v2\/posts\/24575\/revisions\/24577"}],"wp:featuredmedia":[{"embeddable":true,"href":"https:\/\/sertv.gob.pa\/crisolfm\/wp-json\/wp\/v2\/media\/24576"}],"wp:attachment":[{"href":"https:\/\/sertv.gob.pa\/crisolfm\/wp-json\/wp\/v2\/media?parent=24575"}],"wp:term":[{"taxonomy":"category","embeddable":true,"href":"https:\/\/sertv.gob.pa\/crisolfm\/wp-json\/wp\/v2\/categories?post=24575"},{"taxonomy":"post_tag","embeddable":true,"href":"https:\/\/sertv.gob.pa\/crisolfm\/wp-json\/wp\/v2\/tags?post=24575"}],"curies":[{"name":"wp","href":"https:\/\/api.w.org\/{rel}","templated":true}]}}