{"id":24584,"date":"2019-12-02T13:40:31","date_gmt":"2019-12-02T13:40:31","guid":{"rendered":"https:\/\/sertv.gob.pa\/crisolfm\/?p=24584"},"modified":"2019-12-02T13:40:31","modified_gmt":"2019-12-02T13:40:31","slug":"alcaldia-de-panama-inicia-con-su-agenda-navidena","status":"publish","type":"post","link":"https:\/\/sertv.gob.pa\/crisolfm\/alcaldia-de-panama-inicia-con-su-agenda-navidena\/","title":{"rendered":"Alcald\u00eda de Panam\u00e1 inicia con su agenda navide\u00f1a"},"content":{"rendered":"<p>Con el encendido de las luces del \u00e1rbol de Navidad en la cinta costera la Alcald\u00eda de Panam\u00e1 empez\u00f3 este domingo 1 de diciembre su calendario de actividades navide\u00f1as y de fin de a\u00f1o.<\/p>\n<p>El alcalde de Panam\u00e1, Jos\u00e9 Luis F\u00e1brega, detall\u00f3 que las actividades no solo se centrar\u00e1n en la cinta costera y enfatiz\u00f3 que en los 7 corregimientos del este del distrito y en la cinta norte\u00f1a se han organizado festejos en parques y avenidas.<\/p>\n<p>El funcionario invit\u00f3 a los residentes del distrito de Panam\u00e1 a asistir este s\u00e1bado 7 de diciembre a la<strong> sinf\u00f3nica navide\u00f1a<\/strong> en el parque Urrac\u00e1.<\/p>\n<p>Adem\u00e1s, en el desfile de Navidad que se llevar\u00e1 a cabo el domingo 15 de diciembre, desde las 5:00 p.m., participar\u00e1n 12 carros aleg\u00f3ricos.<\/p>\n<p>&nbsp;<\/p>\n","protected":false},"excerpt":{"rendered":"<p>Con el encendido de las luces del \u00e1rbol de Navidad <a href=\"https:\/\/sertv.gob.pa\/crisolfm\/alcaldia-de-panama-inicia-con-su-agenda-navidena\/\"> [&#8230;]<\/a><\/p>\n","protected":false},"author":64,"featured_media":24585,"comment_status":"closed","ping_status":"closed","sticky":false,"template":"","format":"standard","meta":{"footnotes":""},"categories":[6],"tags":[],"class_list":["post-24584","post","type-post","status-publish","format-standard","has-post-thumbnail","hentry","category-culturales"],"_links":{"self":[{"href":"https:\/\/sertv.gob.pa\/crisolfm\/wp-json\/wp\/v2\/posts\/24584","targetHints":{"allow":["GET"]}}],"collection":[{"href":"https:\/\/sertv.gob.pa\/crisolfm\/wp-json\/wp\/v2\/posts"}],"about":[{"href":"https:\/\/sertv.gob.pa\/crisolfm\/wp-json\/wp\/v2\/types\/post"}],"author":[{"embeddable":true,"href":"https:\/\/sertv.gob.pa\/crisolfm\/wp-json\/wp\/v2\/users\/64"}],"replies":[{"embeddable":true,"href":"https:\/\/sertv.gob.pa\/crisolfm\/wp-json\/wp\/v2\/comments?post=24584"}],"version-history":[{"count":1,"href":"https:\/\/sertv.gob.pa\/crisolfm\/wp-json\/wp\/v2\/posts\/24584\/revisions"}],"predecessor-version":[{"id":24586,"href":"https:\/\/sertv.gob.pa\/crisolfm\/wp-json\/wp\/v2\/posts\/24584\/revisions\/24586"}],"wp:featuredmedia":[{"embeddable":true,"href":"https:\/\/sertv.gob.pa\/crisolfm\/wp-json\/wp\/v2\/media\/24585"}],"wp:attachment":[{"href":"https:\/\/sertv.gob.pa\/crisolfm\/wp-json\/wp\/v2\/media?parent=24584"}],"wp:term":[{"taxonomy":"category","embeddable":true,"href":"https:\/\/sertv.gob.pa\/crisolfm\/wp-json\/wp\/v2\/categories?post=24584"},{"taxonomy":"post_tag","embeddable":true,"href":"https:\/\/sertv.gob.pa\/crisolfm\/wp-json\/wp\/v2\/tags?post=24584"}],"curies":[{"name":"wp","href":"https:\/\/api.w.org\/{rel}","templated":true}]}}