{"id":24587,"date":"2019-12-02T13:50:40","date_gmt":"2019-12-02T13:50:40","guid":{"rendered":"https:\/\/sertv.gob.pa\/crisolfm\/?p=24587"},"modified":"2019-12-02T13:50:40","modified_gmt":"2019-12-02T13:50:40","slug":"mejoraneros-solicitan-al-ministerio-de-cultura-fortalecer-el-instrumento","status":"publish","type":"post","link":"https:\/\/sertv.gob.pa\/crisolfm\/mejoraneros-solicitan-al-ministerio-de-cultura-fortalecer-el-instrumento\/","title":{"rendered":"Mejoraneros solicitan al Ministerio de Cultura fortalecer el instrumento"},"content":{"rendered":"<p>Un grupo de mejoraneros del pa\u00eds se reunieron con funcionarios del Ministerio de Cultura, para buscar el fortalecimiento del instrumento.<\/p>\n<p>La reuni\u00f3n se llev\u00f3 a cabo en Guarar\u00e9, y participaron la Asociaci\u00f3n Nacional de Mejoraneros, con su presidente encargado Manuel C\u00f3rdoba, y Karen Peralta, Directora Nacional de Folclor del Ministerio de Cultura.<\/p>\n<p>Efra\u00edn Guti\u00e9rrez, mejoranero, con una larga trayectoria con el instrumento, indic\u00f3 que el \u00fanico prop\u00f3sito de la reuni\u00f3n fue buscar el fortalecimiento institucional del mismo.<\/p>\n<p>&nbsp;<\/p>\n","protected":false},"excerpt":{"rendered":"<p>Un grupo de mejoraneros del pa\u00eds se reunieron con funcionarios <a href=\"https:\/\/sertv.gob.pa\/crisolfm\/mejoraneros-solicitan-al-ministerio-de-cultura-fortalecer-el-instrumento\/\"> [&#8230;]<\/a><\/p>\n","protected":false},"author":64,"featured_media":24588,"comment_status":"closed","ping_status":"closed","sticky":false,"template":"","format":"standard","meta":{"footnotes":""},"categories":[6],"tags":[],"class_list":["post-24587","post","type-post","status-publish","format-standard","has-post-thumbnail","hentry","category-culturales"],"_links":{"self":[{"href":"https:\/\/sertv.gob.pa\/crisolfm\/wp-json\/wp\/v2\/posts\/24587","targetHints":{"allow":["GET"]}}],"collection":[{"href":"https:\/\/sertv.gob.pa\/crisolfm\/wp-json\/wp\/v2\/posts"}],"about":[{"href":"https:\/\/sertv.gob.pa\/crisolfm\/wp-json\/wp\/v2\/types\/post"}],"author":[{"embeddable":true,"href":"https:\/\/sertv.gob.pa\/crisolfm\/wp-json\/wp\/v2\/users\/64"}],"replies":[{"embeddable":true,"href":"https:\/\/sertv.gob.pa\/crisolfm\/wp-json\/wp\/v2\/comments?post=24587"}],"version-history":[{"count":1,"href":"https:\/\/sertv.gob.pa\/crisolfm\/wp-json\/wp\/v2\/posts\/24587\/revisions"}],"predecessor-version":[{"id":24589,"href":"https:\/\/sertv.gob.pa\/crisolfm\/wp-json\/wp\/v2\/posts\/24587\/revisions\/24589"}],"wp:featuredmedia":[{"embeddable":true,"href":"https:\/\/sertv.gob.pa\/crisolfm\/wp-json\/wp\/v2\/media\/24588"}],"wp:attachment":[{"href":"https:\/\/sertv.gob.pa\/crisolfm\/wp-json\/wp\/v2\/media?parent=24587"}],"wp:term":[{"taxonomy":"category","embeddable":true,"href":"https:\/\/sertv.gob.pa\/crisolfm\/wp-json\/wp\/v2\/categories?post=24587"},{"taxonomy":"post_tag","embeddable":true,"href":"https:\/\/sertv.gob.pa\/crisolfm\/wp-json\/wp\/v2\/tags?post=24587"}],"curies":[{"name":"wp","href":"https:\/\/api.w.org\/{rel}","templated":true}]}}