{"id":24590,"date":"2019-12-02T14:18:19","date_gmt":"2019-12-02T14:18:19","guid":{"rendered":"https:\/\/sertv.gob.pa\/crisolfm\/?p=24590"},"modified":"2019-12-02T14:18:19","modified_gmt":"2019-12-02T14:18:19","slug":"castillo-en-belgica-sera-subastado","status":"publish","type":"post","link":"https:\/\/sertv.gob.pa\/crisolfm\/castillo-en-belgica-sera-subastado\/","title":{"rendered":"Castillo en B\u00e9lgica ser\u00e1 subastado"},"content":{"rendered":"<p>El Estado belga va a subastar este diciembre un castillo del siglo XIX con un pasado tumultuoso y espera obtener por \u00e9l al menos un mill\u00f3n de euros, aunque el comprador tendr\u00e1 ante s\u00ed el desaf\u00edo de dar vida de nuevo a esta inmensa propiedad.<\/p>\n<p>El castillo de <strong>Van Rivieren<\/strong>, enclavado en un parque boscoso de la campi\u00f1a flamenca, en Gelrode, en la comuna de Aarschot (centro-este) es uno de los tres \u201cbienes de excepci\u00f3n\u201d que el Estado belga est\u00e1 vendiendo actualmente.<\/p>\n<p>Adem\u00e1s de este imponente edificio con ladrillos rojos, coronado por una aguja de estilo germ\u00e1nico, est\u00e1n a la venta un edificio de Lieja del siglo XVII y una antigua abad\u00eda valona de 1850.<\/p>\n<p>En el caso del castillo, el ministerio de Finanzas ha decidido sacarlo a subasta el 11 de diciembre y organizar unas jornadas de puertas abiertas en estos d\u00edas.<\/p>\n<p>\u00abEn general est\u00e1 en buen estado\u00bb, dice a la AFP Karel De Ghent, que forma parte de la veintena de visitantes, que, linterna en mano, exploran el lugar.<\/p>\n<p>&nbsp;<\/p>\n","protected":false},"excerpt":{"rendered":"<p>El Estado belga va a subastar este diciembre un castillo <a href=\"https:\/\/sertv.gob.pa\/crisolfm\/castillo-en-belgica-sera-subastado\/\"> [&#8230;]<\/a><\/p>\n","protected":false},"author":64,"featured_media":24591,"comment_status":"closed","ping_status":"closed","sticky":false,"template":"","format":"standard","meta":{"footnotes":""},"categories":[6],"tags":[],"class_list":["post-24590","post","type-post","status-publish","format-standard","has-post-thumbnail","hentry","category-culturales"],"_links":{"self":[{"href":"https:\/\/sertv.gob.pa\/crisolfm\/wp-json\/wp\/v2\/posts\/24590","targetHints":{"allow":["GET"]}}],"collection":[{"href":"https:\/\/sertv.gob.pa\/crisolfm\/wp-json\/wp\/v2\/posts"}],"about":[{"href":"https:\/\/sertv.gob.pa\/crisolfm\/wp-json\/wp\/v2\/types\/post"}],"author":[{"embeddable":true,"href":"https:\/\/sertv.gob.pa\/crisolfm\/wp-json\/wp\/v2\/users\/64"}],"replies":[{"embeddable":true,"href":"https:\/\/sertv.gob.pa\/crisolfm\/wp-json\/wp\/v2\/comments?post=24590"}],"version-history":[{"count":1,"href":"https:\/\/sertv.gob.pa\/crisolfm\/wp-json\/wp\/v2\/posts\/24590\/revisions"}],"predecessor-version":[{"id":24592,"href":"https:\/\/sertv.gob.pa\/crisolfm\/wp-json\/wp\/v2\/posts\/24590\/revisions\/24592"}],"wp:featuredmedia":[{"embeddable":true,"href":"https:\/\/sertv.gob.pa\/crisolfm\/wp-json\/wp\/v2\/media\/24591"}],"wp:attachment":[{"href":"https:\/\/sertv.gob.pa\/crisolfm\/wp-json\/wp\/v2\/media?parent=24590"}],"wp:term":[{"taxonomy":"category","embeddable":true,"href":"https:\/\/sertv.gob.pa\/crisolfm\/wp-json\/wp\/v2\/categories?post=24590"},{"taxonomy":"post_tag","embeddable":true,"href":"https:\/\/sertv.gob.pa\/crisolfm\/wp-json\/wp\/v2\/tags?post=24590"}],"curies":[{"name":"wp","href":"https:\/\/api.w.org\/{rel}","templated":true}]}}