{"id":24593,"date":"2019-12-02T14:38:40","date_gmt":"2019-12-02T14:38:40","guid":{"rendered":"https:\/\/sertv.gob.pa\/crisolfm\/?p=24593"},"modified":"2019-12-02T14:38:40","modified_gmt":"2019-12-02T14:38:40","slug":"muere-director-de-orquesta-leton-mariss-jansons-a-los-76-anos","status":"publish","type":"post","link":"https:\/\/sertv.gob.pa\/crisolfm\/muere-director-de-orquesta-leton-mariss-jansons-a-los-76-anos\/","title":{"rendered":"Muere director de orquesta let\u00f3n, Mariss Jansons, a los 76 a\u00f1os"},"content":{"rendered":"<p>El director de orquesta let\u00f3n Mariss Jansons ha fallecido a los 76 a\u00f1os de edad, inform\u00f3 este domingo la orquesta vienesa Wiener Philharmoniker, de la que era miembro de honor. \u00abEsta ma\u00f1ana nos ha llegado la noticia triste y demoledora del fallecimiento del gran director Mariss Jansons, miembro de honor\u00bb, se\u00f1ala la instituci\u00f3n musical en su p\u00e1gina web.<\/p>\n<p>Jansons, nacido en Riga en 1943, muri\u00f3 tarde la noche del domingo en su domicilio en la ciudad rusa de San Petersburgo, seg\u00fan medios austriacos. El m\u00fasico, uno de los directores de orquesta m\u00e1s prestigiosos de su generaci\u00f3n y que hab\u00eda trabajado durante muchos a\u00f1os en Noruega, Estados Unidos, Holanda y Alemania, llevaba tiempo con problemas de salud, informa la agencia austr\u00edaca APA.<\/p>\n<p>Si bien Jansons ya hab\u00eda sufrido algunos infartos en los a\u00f1os 90, que lo obligaron a interrumpir unos meses su actividad profesional, siempre volv\u00eda a escena, incansablemente entregado a la m\u00fasica, se\u00f1ala la citada agencia. Ten\u00eda programadas dos actuaciones en Viena, el 28 de noviembre pasado y el 2 de diciembre, pero ya hab\u00eda cancelado ambas por problemas de salud.<\/p>\n<p>Mariss Jansons, adorado por su p\u00fablico y conocido como un hombre sencillo sin actitudes de estrella, hab\u00eda sido galardonado con numerosas distinciones noruegas, brit\u00e1nicas, alemanas y austr\u00edacas.<\/p>\n<p>&nbsp;<\/p>\n","protected":false},"excerpt":{"rendered":"<p>El director de orquesta let\u00f3n Mariss Jansons ha fallecido a <a href=\"https:\/\/sertv.gob.pa\/crisolfm\/muere-director-de-orquesta-leton-mariss-jansons-a-los-76-anos\/\"> [&#8230;]<\/a><\/p>\n","protected":false},"author":64,"featured_media":24594,"comment_status":"closed","ping_status":"closed","sticky":false,"template":"","format":"standard","meta":{"footnotes":""},"categories":[6],"tags":[],"class_list":["post-24593","post","type-post","status-publish","format-standard","has-post-thumbnail","hentry","category-culturales"],"_links":{"self":[{"href":"https:\/\/sertv.gob.pa\/crisolfm\/wp-json\/wp\/v2\/posts\/24593","targetHints":{"allow":["GET"]}}],"collection":[{"href":"https:\/\/sertv.gob.pa\/crisolfm\/wp-json\/wp\/v2\/posts"}],"about":[{"href":"https:\/\/sertv.gob.pa\/crisolfm\/wp-json\/wp\/v2\/types\/post"}],"author":[{"embeddable":true,"href":"https:\/\/sertv.gob.pa\/crisolfm\/wp-json\/wp\/v2\/users\/64"}],"replies":[{"embeddable":true,"href":"https:\/\/sertv.gob.pa\/crisolfm\/wp-json\/wp\/v2\/comments?post=24593"}],"version-history":[{"count":1,"href":"https:\/\/sertv.gob.pa\/crisolfm\/wp-json\/wp\/v2\/posts\/24593\/revisions"}],"predecessor-version":[{"id":24595,"href":"https:\/\/sertv.gob.pa\/crisolfm\/wp-json\/wp\/v2\/posts\/24593\/revisions\/24595"}],"wp:featuredmedia":[{"embeddable":true,"href":"https:\/\/sertv.gob.pa\/crisolfm\/wp-json\/wp\/v2\/media\/24594"}],"wp:attachment":[{"href":"https:\/\/sertv.gob.pa\/crisolfm\/wp-json\/wp\/v2\/media?parent=24593"}],"wp:term":[{"taxonomy":"category","embeddable":true,"href":"https:\/\/sertv.gob.pa\/crisolfm\/wp-json\/wp\/v2\/categories?post=24593"},{"taxonomy":"post_tag","embeddable":true,"href":"https:\/\/sertv.gob.pa\/crisolfm\/wp-json\/wp\/v2\/tags?post=24593"}],"curies":[{"name":"wp","href":"https:\/\/api.w.org\/{rel}","templated":true}]}}