{"id":24599,"date":"2019-12-02T15:22:30","date_gmt":"2019-12-02T15:22:30","guid":{"rendered":"https:\/\/sertv.gob.pa\/crisolfm\/?p=24599"},"modified":"2019-12-02T15:22:30","modified_gmt":"2019-12-02T15:22:30","slug":"eeuu-envia-delegacion-de-bajo-rango-a-cumbre-del-clima-en-madrid","status":"publish","type":"post","link":"https:\/\/sertv.gob.pa\/crisolfm\/eeuu-envia-delegacion-de-bajo-rango-a-cumbre-del-clima-en-madrid\/","title":{"rendered":"EEUU env\u00eda delegaci\u00f3n de bajo rango a cumbre del clima en Madrid"},"content":{"rendered":"<p>El Gobierno de EE.UU. anunci\u00f3 este s\u00e1bado su delegaci\u00f3n para la Cumbre del Clima que arranca este lunes en Madrid, un equipo de bajo rango que promete contrastar con la presencia en la cita de la presidenta de la C\u00e1mara Baja estadounidense, la dem\u00f3crata Nancy Pelosi, y otros catorce legisladores del pa\u00eds.<\/p>\n<p>La embajadora Marcia Bernicat, subsecretaria adjunta de Estado para Oc\u00e9anos y Asuntos Cient\u00edficos y Medioambientales Internacionales, encabezar\u00e1 una delegaci\u00f3n que incluye funcionarios de las agencias encargadas de medioambiente, agricultura, finanzas y desarrollo, inform\u00f3 el Departamento de Estado en un comunicado.<\/p>\n<p>La delegaci\u00f3n es de un nivel similar a la que Washington envi\u00f3 el a\u00f1o pasado a la Cumbre del Clima en Katowice (Polonia), algo que se explica por la p\u00e9rdida de inter\u00e9s de Estados Unidos en la lucha contra la crisis clim\u00e1tica bajo el mandato del presidente Donald Trump, que ha iniciado el proceso para retirar a su pa\u00eds del Acuerdo de Par\u00eds.<\/p>\n<p>EFE<\/p>\n","protected":false},"excerpt":{"rendered":"<p>El Gobierno de EE.UU. anunci\u00f3 este s\u00e1bado su delegaci\u00f3n para <a href=\"https:\/\/sertv.gob.pa\/crisolfm\/eeuu-envia-delegacion-de-bajo-rango-a-cumbre-del-clima-en-madrid\/\"> [&#8230;]<\/a><\/p>\n","protected":false},"author":64,"featured_media":24600,"comment_status":"closed","ping_status":"closed","sticky":false,"template":"","format":"standard","meta":{"footnotes":""},"categories":[7],"tags":[],"class_list":["post-24599","post","type-post","status-publish","format-standard","has-post-thumbnail","hentry","category-ecologicas"],"_links":{"self":[{"href":"https:\/\/sertv.gob.pa\/crisolfm\/wp-json\/wp\/v2\/posts\/24599","targetHints":{"allow":["GET"]}}],"collection":[{"href":"https:\/\/sertv.gob.pa\/crisolfm\/wp-json\/wp\/v2\/posts"}],"about":[{"href":"https:\/\/sertv.gob.pa\/crisolfm\/wp-json\/wp\/v2\/types\/post"}],"author":[{"embeddable":true,"href":"https:\/\/sertv.gob.pa\/crisolfm\/wp-json\/wp\/v2\/users\/64"}],"replies":[{"embeddable":true,"href":"https:\/\/sertv.gob.pa\/crisolfm\/wp-json\/wp\/v2\/comments?post=24599"}],"version-history":[{"count":1,"href":"https:\/\/sertv.gob.pa\/crisolfm\/wp-json\/wp\/v2\/posts\/24599\/revisions"}],"predecessor-version":[{"id":24601,"href":"https:\/\/sertv.gob.pa\/crisolfm\/wp-json\/wp\/v2\/posts\/24599\/revisions\/24601"}],"wp:featuredmedia":[{"embeddable":true,"href":"https:\/\/sertv.gob.pa\/crisolfm\/wp-json\/wp\/v2\/media\/24600"}],"wp:attachment":[{"href":"https:\/\/sertv.gob.pa\/crisolfm\/wp-json\/wp\/v2\/media?parent=24599"}],"wp:term":[{"taxonomy":"category","embeddable":true,"href":"https:\/\/sertv.gob.pa\/crisolfm\/wp-json\/wp\/v2\/categories?post=24599"},{"taxonomy":"post_tag","embeddable":true,"href":"https:\/\/sertv.gob.pa\/crisolfm\/wp-json\/wp\/v2\/tags?post=24599"}],"curies":[{"name":"wp","href":"https:\/\/api.w.org\/{rel}","templated":true}]}}