{"id":24602,"date":"2019-12-02T15:39:43","date_gmt":"2019-12-02T15:39:43","guid":{"rendered":"https:\/\/sertv.gob.pa\/crisolfm\/?p=24602"},"modified":"2019-12-02T15:39:43","modified_gmt":"2019-12-02T15:39:43","slug":"leonardo-dicaprio-rebate-a-bolsonaro-y-niega-financiar-incendios-en-la-amazonia","status":"publish","type":"post","link":"https:\/\/sertv.gob.pa\/crisolfm\/leonardo-dicaprio-rebate-a-bolsonaro-y-niega-financiar-incendios-en-la-amazonia\/","title":{"rendered":"Leonardo DiCaprio rebate a Bolsonaro y niega financiar incendios en la Amazonia"},"content":{"rendered":"<p>El actor estadounidense Leonardo DiCaprio respondi\u00f3 este s\u00e1bado a la acusaci\u00f3n del presidente de Brasil, Jair Bolsonaro, y neg\u00f3 haber financiado a entidades que presuntamente provocaron los incendios en la Amazonia, aunque asegur\u00f3 que est\u00e1 \u00aborgulloso de respaldar a los grupos que protegen\u00bb ese ecosistema.<\/p>\n<p>En un comunicado publicado en su cuenta oficial de Instagram, el actor reaccion\u00f3 a las declaraciones de este viernes de Bolsonaro, que acusa a organizaciones no gubernamentales y activistas ambientales de estar detr\u00e1s de los recientes incendios en la Amazonia y afirm\u00f3 que DiCaprio les ha dado dinero para ello.<\/p>\n<p>\u00abEl futuro de estos ecosistemas irremplazables est\u00e1 en juego, y estoy orgulloso de respaldar a los grupos que los protegen. Aunque merecen nuestro apoyo, nosotros no financiamos a las organizaciones atacadas (por Bolsonaro)\u00bb, dijo DiCaprio.<\/p>\n<p>\u00abSigo comprometido a apoyar a las comunidades ind\u00edgenas brasile\u00f1as, los gobiernos locales, los cient\u00edficos, los educadores y el p\u00fablico en general que trabaja sin descanso para proteger el Amazonas con el futuro de todos los brasile\u00f1os en mente\u00bb, agreg\u00f3.<\/p>\n<p>El pasado lunes, cuatro voluntarios en el amaz\u00f3nico estado del Par\u00e1 fueron arrestados y acusados de provocar los fuegos en la regi\u00f3n para presuntamente recibir donaciones, aunque el jueves fueron puestos en libertad tras analizar los documentos recabados por la Polic\u00eda.<\/p>\n<p>Bolsonaro se hizo eco esta semana de esos arrestos para insistir -sin aportar pruebas- en que hay activistas y organizaciones no gubernamentales interesadas en provocar fuegos, y acus\u00f3 en concreto a DiCaprio de \u00abdar dinero para incendiar la Amazonia\u00bb.<\/p>\n<p>EFE<\/p>\n","protected":false},"excerpt":{"rendered":"<p>El actor estadounidense Leonardo DiCaprio respondi\u00f3 este s\u00e1bado a la <a href=\"https:\/\/sertv.gob.pa\/crisolfm\/leonardo-dicaprio-rebate-a-bolsonaro-y-niega-financiar-incendios-en-la-amazonia\/\"> [&#8230;]<\/a><\/p>\n","protected":false},"author":64,"featured_media":24603,"comment_status":"closed","ping_status":"closed","sticky":false,"template":"","format":"standard","meta":{"footnotes":""},"categories":[7],"tags":[],"class_list":["post-24602","post","type-post","status-publish","format-standard","has-post-thumbnail","hentry","category-ecologicas"],"_links":{"self":[{"href":"https:\/\/sertv.gob.pa\/crisolfm\/wp-json\/wp\/v2\/posts\/24602","targetHints":{"allow":["GET"]}}],"collection":[{"href":"https:\/\/sertv.gob.pa\/crisolfm\/wp-json\/wp\/v2\/posts"}],"about":[{"href":"https:\/\/sertv.gob.pa\/crisolfm\/wp-json\/wp\/v2\/types\/post"}],"author":[{"embeddable":true,"href":"https:\/\/sertv.gob.pa\/crisolfm\/wp-json\/wp\/v2\/users\/64"}],"replies":[{"embeddable":true,"href":"https:\/\/sertv.gob.pa\/crisolfm\/wp-json\/wp\/v2\/comments?post=24602"}],"version-history":[{"count":1,"href":"https:\/\/sertv.gob.pa\/crisolfm\/wp-json\/wp\/v2\/posts\/24602\/revisions"}],"predecessor-version":[{"id":24604,"href":"https:\/\/sertv.gob.pa\/crisolfm\/wp-json\/wp\/v2\/posts\/24602\/revisions\/24604"}],"wp:featuredmedia":[{"embeddable":true,"href":"https:\/\/sertv.gob.pa\/crisolfm\/wp-json\/wp\/v2\/media\/24603"}],"wp:attachment":[{"href":"https:\/\/sertv.gob.pa\/crisolfm\/wp-json\/wp\/v2\/media?parent=24602"}],"wp:term":[{"taxonomy":"category","embeddable":true,"href":"https:\/\/sertv.gob.pa\/crisolfm\/wp-json\/wp\/v2\/categories?post=24602"},{"taxonomy":"post_tag","embeddable":true,"href":"https:\/\/sertv.gob.pa\/crisolfm\/wp-json\/wp\/v2\/tags?post=24602"}],"curies":[{"name":"wp","href":"https:\/\/api.w.org\/{rel}","templated":true}]}}