{"id":24605,"date":"2019-12-02T15:48:25","date_gmt":"2019-12-02T15:48:25","guid":{"rendered":"https:\/\/sertv.gob.pa\/crisolfm\/?p=24605"},"modified":"2019-12-02T15:48:25","modified_gmt":"2019-12-02T15:48:25","slug":"siete-paises-del-caribe-prohibiran-plasticos-de-un-solo-uso-a-partir-de-enero","status":"publish","type":"post","link":"https:\/\/sertv.gob.pa\/crisolfm\/siete-paises-del-caribe-prohibiran-plasticos-de-un-solo-uso-a-partir-de-enero\/","title":{"rendered":"Siete pa\u00edses del Caribe prohibir\u00e1n pl\u00e1sticos de un solo uso a partir de enero"},"content":{"rendered":"<p>Siete pa\u00edses del Caribe, la regi\u00f3n que m\u00e1s contamina per capita del mundo, prohibir\u00e1n a partir del 1 de enero los pl\u00e1sticos de un solo uso y el poliestireno expandido para evitar la degradaci\u00f3n de sus costas ante el grave peligro de contaminaci\u00f3n.<\/p>\n<p>Jamaica, Belice, Barbados, Dominica, Granada, Trinidad y Tobago y Bahamas proh\u00edben a partir del 1 de enero de 2020 la importaci\u00f3n y el uso de pl\u00e1sticos de un solo uso y poliestireno.<\/p>\n<p>Con ello la regi\u00f3n del Caribe prev\u00e9 evitar la degradaci\u00f3n de su h\u00e1bitat marino que provocar\u00eda un riesgo para la salud y seguridad alimentaria de cerca de 40 millones de personas que viven en zonas costeras, adem\u00e1s de unas p\u00e9rdidas econ\u00f3micas incalculables.<\/p>\n<p>El mundo consume 5 billones de bolsas de pl\u00e1stico anualmente hechas con derivados del petr\u00f3leo que pueden tardar hasta cientos de a\u00f1os en degradarse, y los pa\u00edses del Caribe son los que m\u00e1s uso hacen de estos materiales per c\u00e1pita tan da\u00f1inos para el medioambiente.<\/p>\n<p>&nbsp;<\/p>\n","protected":false},"excerpt":{"rendered":"<p>Siete pa\u00edses del Caribe, la regi\u00f3n que m\u00e1s contamina per <a href=\"https:\/\/sertv.gob.pa\/crisolfm\/siete-paises-del-caribe-prohibiran-plasticos-de-un-solo-uso-a-partir-de-enero\/\"> [&#8230;]<\/a><\/p>\n","protected":false},"author":64,"featured_media":24607,"comment_status":"closed","ping_status":"closed","sticky":false,"template":"","format":"standard","meta":{"footnotes":""},"categories":[7],"tags":[],"class_list":["post-24605","post","type-post","status-publish","format-standard","has-post-thumbnail","hentry","category-ecologicas"],"_links":{"self":[{"href":"https:\/\/sertv.gob.pa\/crisolfm\/wp-json\/wp\/v2\/posts\/24605","targetHints":{"allow":["GET"]}}],"collection":[{"href":"https:\/\/sertv.gob.pa\/crisolfm\/wp-json\/wp\/v2\/posts"}],"about":[{"href":"https:\/\/sertv.gob.pa\/crisolfm\/wp-json\/wp\/v2\/types\/post"}],"author":[{"embeddable":true,"href":"https:\/\/sertv.gob.pa\/crisolfm\/wp-json\/wp\/v2\/users\/64"}],"replies":[{"embeddable":true,"href":"https:\/\/sertv.gob.pa\/crisolfm\/wp-json\/wp\/v2\/comments?post=24605"}],"version-history":[{"count":1,"href":"https:\/\/sertv.gob.pa\/crisolfm\/wp-json\/wp\/v2\/posts\/24605\/revisions"}],"predecessor-version":[{"id":24608,"href":"https:\/\/sertv.gob.pa\/crisolfm\/wp-json\/wp\/v2\/posts\/24605\/revisions\/24608"}],"wp:featuredmedia":[{"embeddable":true,"href":"https:\/\/sertv.gob.pa\/crisolfm\/wp-json\/wp\/v2\/media\/24607"}],"wp:attachment":[{"href":"https:\/\/sertv.gob.pa\/crisolfm\/wp-json\/wp\/v2\/media?parent=24605"}],"wp:term":[{"taxonomy":"category","embeddable":true,"href":"https:\/\/sertv.gob.pa\/crisolfm\/wp-json\/wp\/v2\/categories?post=24605"},{"taxonomy":"post_tag","embeddable":true,"href":"https:\/\/sertv.gob.pa\/crisolfm\/wp-json\/wp\/v2\/tags?post=24605"}],"curies":[{"name":"wp","href":"https:\/\/api.w.org\/{rel}","templated":true}]}}