{"id":24612,"date":"2019-12-02T16:12:21","date_gmt":"2019-12-02T16:12:21","guid":{"rendered":"https:\/\/sertv.gob.pa\/crisolfm\/?p=24612"},"modified":"2019-12-02T16:18:13","modified_gmt":"2019-12-02T16:18:13","slug":"cientificos-reconfiguran-bacteria-para-que-coma-dioxido-de-carbono","status":"publish","type":"post","link":"https:\/\/sertv.gob.pa\/crisolfm\/cientificos-reconfiguran-bacteria-para-que-coma-dioxido-de-carbono\/","title":{"rendered":"Cient\u00edficos reconfiguran bacteria para que &#8216;coma&#8217; di\u00f3xido de carbono"},"content":{"rendered":"<p>Un equipo cient\u00edfico de Israel convirti\u00f3 una bacteria com\u00fan que consume az\u00facar en cepas de Eschericia coli que producen toda su biomasa a partir del di\u00f3xido de carbono (CO2), uno de los principales causantes de la contaminaci\u00f3n atmosf\u00e9rica y el calentamiento global, seg\u00fan un art\u00edculo que publica este mi\u00e9rcoles la revista Cell.<\/p>\n<p>\u00abNuestro objetivo principal era crear una plataforma cient\u00edfica conveniente que pudiera realzar la fijaci\u00f3n del di\u00f3xido de carbono, lo cual podr\u00eda ayudar a lidiar con los retos de una producci\u00f3n sostenible de alimentos, los combustibles y el calentamiento global causado por las emisiones\u00bb, explic\u00f3 Ron Milo, del Instituto Weizmann de Ciencias, con sede en Rehovot (Israel).<\/p>\n<p>\u00abLa conversi\u00f3n de la fuente de carbono de la E. coli, el caballo de batalla de la biotecnolog\u00eda, de carbono org\u00e1nico a CO2 es un gran paso para el establecimiento de tal plataforma\u00bb, a\u00f1adi\u00f3.<\/p>\n<p>El CO2 procedente del uso de combustibles f\u00f3siles causa el 65% de las emisiones de gases que contribuyen al calentamiento global y otro 11% procede de las actividades humanas de deforestaci\u00f3n y usos agr\u00edcolas del suelo, seg\u00fan el Grupo Intergubernamental sobre Cambio Clim\u00e1tico.<\/p>\n<p>EFE<\/p>\n","protected":false},"excerpt":{"rendered":"<p>Un equipo cient\u00edfico de Israel convirti\u00f3 una bacteria com\u00fan que <a href=\"https:\/\/sertv.gob.pa\/crisolfm\/cientificos-reconfiguran-bacteria-para-que-coma-dioxido-de-carbono\/\"> [&#8230;]<\/a><\/p>\n","protected":false},"author":64,"featured_media":24613,"comment_status":"closed","ping_status":"closed","sticky":false,"template":"","format":"standard","meta":{"footnotes":""},"categories":[7,9],"tags":[],"class_list":["post-24612","post","type-post","status-publish","format-standard","has-post-thumbnail","hentry","category-ecologicas","category-varios"],"_links":{"self":[{"href":"https:\/\/sertv.gob.pa\/crisolfm\/wp-json\/wp\/v2\/posts\/24612","targetHints":{"allow":["GET"]}}],"collection":[{"href":"https:\/\/sertv.gob.pa\/crisolfm\/wp-json\/wp\/v2\/posts"}],"about":[{"href":"https:\/\/sertv.gob.pa\/crisolfm\/wp-json\/wp\/v2\/types\/post"}],"author":[{"embeddable":true,"href":"https:\/\/sertv.gob.pa\/crisolfm\/wp-json\/wp\/v2\/users\/64"}],"replies":[{"embeddable":true,"href":"https:\/\/sertv.gob.pa\/crisolfm\/wp-json\/wp\/v2\/comments?post=24612"}],"version-history":[{"count":1,"href":"https:\/\/sertv.gob.pa\/crisolfm\/wp-json\/wp\/v2\/posts\/24612\/revisions"}],"predecessor-version":[{"id":24614,"href":"https:\/\/sertv.gob.pa\/crisolfm\/wp-json\/wp\/v2\/posts\/24612\/revisions\/24614"}],"wp:featuredmedia":[{"embeddable":true,"href":"https:\/\/sertv.gob.pa\/crisolfm\/wp-json\/wp\/v2\/media\/24613"}],"wp:attachment":[{"href":"https:\/\/sertv.gob.pa\/crisolfm\/wp-json\/wp\/v2\/media?parent=24612"}],"wp:term":[{"taxonomy":"category","embeddable":true,"href":"https:\/\/sertv.gob.pa\/crisolfm\/wp-json\/wp\/v2\/categories?post=24612"},{"taxonomy":"post_tag","embeddable":true,"href":"https:\/\/sertv.gob.pa\/crisolfm\/wp-json\/wp\/v2\/tags?post=24612"}],"curies":[{"name":"wp","href":"https:\/\/api.w.org\/{rel}","templated":true}]}}