{"id":2462,"date":"2015-06-04T18:56:56","date_gmt":"2015-06-04T18:56:56","guid":{"rendered":""},"modified":"2015-06-04T18:56:56","modified_gmt":"2015-06-04T18:56:56","slug":"seminario-para-conocer-interioridades-del-conjunto-monumental-de-panama-viejo","status":"publish","type":"post","link":"https:\/\/sertv.gob.pa\/crisolfm\/seminario-para-conocer-interioridades-del-conjunto-monumental-de-panama-viejo\/","title":{"rendered":"Seminario sobre interioridades del conjunto monumental de Panam\u00e1 Viejo"},"content":{"rendered":"<p>\nHistoriadores, arque\u00f3logos y arquitectos involucrados en las faenas concernientes al  Conjunto Monumental Hist\u00f3rico de Panam\u00e1 Viejo \u00a0llevan a cabo hoy un seminario gratuito para informar al p\u00fablico de los avances investigativos en el lugar.\u00a0 <\/p>\n<p>La jornada se desarrollar\u00e1 de 8:30 a.m. a 4:30 p.m., y adem\u00e1s del p\u00fablico en general, los organizadores incentivan la asistencia de gu\u00edas y agencias tur\u00edsticas para conocer aspectos relacionados a resultado de proyectos ejecutados, avances de investigaci\u00f3n, proyectos en ejecuci\u00f3n, as\u00ed como planes a corto, mediano y largo plazo en el lugar.\u00a0 <\/p>\n<p>La charla informativa es promovida por el departamento pedag\u00f3gico del Patronato y tendr\u00e1 lugar en el  Centro de Visitantes de Panam\u00e1 Viejo . <\/p>\n<p>Las ruinas de Panam\u00e1 Viejo fueron declaradas  Patrimonio de la Humanidad  desde 2003 por la  Organizaci\u00f3n de las Naciones Unidas para la Educaci\u00f3n, la Ciencia y la Cultura . <\/p>\n","protected":false},"excerpt":{"rendered":"<p>Historiadores, arque\u00f3logos y arquitectos involucrados en las faenas concernientes al <a href=\"https:\/\/sertv.gob.pa\/crisolfm\/seminario-para-conocer-interioridades-del-conjunto-monumental-de-panama-viejo\/\"> [&#8230;]<\/a><\/p>\n","protected":false},"author":1,"featured_media":2463,"comment_status":"closed","ping_status":"closed","sticky":false,"template":"","format":"standard","meta":{"footnotes":""},"categories":[6],"tags":[],"class_list":["post-2462","post","type-post","status-publish","format-standard","has-post-thumbnail","hentry","category-culturales"],"_links":{"self":[{"href":"https:\/\/sertv.gob.pa\/crisolfm\/wp-json\/wp\/v2\/posts\/2462","targetHints":{"allow":["GET"]}}],"collection":[{"href":"https:\/\/sertv.gob.pa\/crisolfm\/wp-json\/wp\/v2\/posts"}],"about":[{"href":"https:\/\/sertv.gob.pa\/crisolfm\/wp-json\/wp\/v2\/types\/post"}],"author":[{"embeddable":true,"href":"https:\/\/sertv.gob.pa\/crisolfm\/wp-json\/wp\/v2\/users\/1"}],"replies":[{"embeddable":true,"href":"https:\/\/sertv.gob.pa\/crisolfm\/wp-json\/wp\/v2\/comments?post=2462"}],"version-history":[{"count":0,"href":"https:\/\/sertv.gob.pa\/crisolfm\/wp-json\/wp\/v2\/posts\/2462\/revisions"}],"wp:featuredmedia":[{"embeddable":true,"href":"https:\/\/sertv.gob.pa\/crisolfm\/wp-json\/wp\/v2\/media\/2463"}],"wp:attachment":[{"href":"https:\/\/sertv.gob.pa\/crisolfm\/wp-json\/wp\/v2\/media?parent=2462"}],"wp:term":[{"taxonomy":"category","embeddable":true,"href":"https:\/\/sertv.gob.pa\/crisolfm\/wp-json\/wp\/v2\/categories?post=2462"},{"taxonomy":"post_tag","embeddable":true,"href":"https:\/\/sertv.gob.pa\/crisolfm\/wp-json\/wp\/v2\/tags?post=2462"}],"curies":[{"name":"wp","href":"https:\/\/api.w.org\/{rel}","templated":true}]}}